{"id":12683,"date":"2023-09-26T14:55:58","date_gmt":"2023-09-26T12:55:58","guid":{"rendered":"https:\/\/www.koenig-sylt.de\/immobilien\/?p=12683"},"modified":"2024-05-08T13:56:32","modified_gmt":"2024-05-08T11:56:32","slug":"sylter-mass","status":"publish","type":"post","link":"https:\/\/www.koenig-sylt.de\/immobilien\/sylter-mass\/","title":{"rendered":"Sylter Ma\u00df"},"content":{"rendered":"\t\t<div data-elementor-type=\"wp-post\" data-elementor-id=\"12683\" data-post-id=\"12683\" data-obj-id=\"12683\" class=\"elementor elementor-12683 dce-elementor-post-12683\">\n\t\t\t\t\t\t<div class=\"elementor-inner\">\n\t\t\t\t<div class=\"elementor-section-wrap\">\n\t\t\t\t\t\t\t\t\t<section class=\"elementor-section elementor-top-section elementor-element elementor-element-6c0a0d8d elementor-section-boxed elementor-section-height-default elementor-section-height-default\" data-id=\"6c0a0d8d\" data-element_type=\"section\">\n\t\t\t\t\t\t<div class=\"elementor-container elementor-column-gap-default\">\n\t\t\t\t\t\t\t<div class=\"elementor-row\">\n\t\t\t\t\t<div class=\"elementor-column elementor-col-100 elementor-top-column elementor-element elementor-element-48514baa\" data-id=\"48514baa\" data-element_type=\"column\">\n\t\t\t<div class=\"elementor-column-wrap elementor-element-populated\">\n\t\t\t\t\t\t\t<div class=\"elementor-widget-wrap\">\n\t\t\t\t\t\t<div class=\"elementor-element elementor-element-68ac675b elementor-widget elementor-widget-text-editor\" data-id=\"68ac675b\" data-element_type=\"widget\" data-widget_type=\"text-editor.default\">\n\t\t\t\t<div class=\"elementor-widget-container\">\n\t\t\t\t\t\t\t\t<div class=\"elementor-text-editor elementor-clearfix\">\n\t\t\t\t<p class=\"page-title\"><span class=\"TextRun BCX9 SCXO4869093\" lang=\"DE\" xml:lang=\"DE\" data-contrast=\"none\"><span class=\"NormalTextRun BCX9 SCXO4869093\">\u00dcblicherweise wird die Wohnfl\u00e4che einer Immobilie u.a. unter Ber\u00fccksichtigung der Raumh\u00f6he errechnet. So wird bei geringerer Deckenh\u00f6he, also beispielsweise unter einer Dachschr\u00e4ge, nicht die vollst\u00e4ndige Fl\u00e4che als Wohnfl\u00e4che angerechnet.<\/span><\/span> <span class=\"TextRun BCX9 SCXO4869093\" lang=\"DE\" xml:lang=\"DE\" data-contrast=\"none\"><span class=\"NormalTextRun BCX9 SCXO4869093\">Nicht so bei der Wohnfl\u00e4che nach Sylter Ma\u00df. Hier ist es<\/span><\/span><span class=\"TextRun BCX9 SCXO4869093\" lang=\"DE\" xml:lang=\"DE\" data-contrast=\"none\"><span class=\"NormalTextRun BCX9 SCXO4869093\"> n\u00e4mlich so, dass die Fl\u00e4che von Fu\u00dfleiste zu Fu\u00dfleiste gemessen wird. Es spielt also absolut keine Rolle, ob eine Fl\u00e4che unter einer Dachschr\u00e4ge oder gar unter einer Treppe liegt.<br \/><\/span><\/span><\/p><h6 class=\"page-title\"><span class=\"TextRun BCX9 SCXO4869093\" lang=\"DE\" xml:lang=\"DE\" data-contrast=\"none\"><span class=\"NormalTextRun BCX9 SCXO4869093\"><br \/><\/span><\/span><span class=\"TextRun BCX9 SCXO4869093\" lang=\"DE\" xml:lang=\"DE\" data-contrast=\"none\"><span class=\"NormalTextRun BCX9 SCXO4869093\">Orts\u00fcblich und traditionsreich<\/span><\/span><\/h6><p class=\"page-title\"><span class=\"TextRun BCX9 SCXO4869093\" lang=\"DE\" xml:lang=\"DE\" data-contrast=\"none\"><span class=\"NormalTextRun BCX9 SCXO4869093\"><br \/><\/span><\/span>Das \u201eSylter Ma\u00df\u201c \u2013 auch bekannt als das sogenannte \u201eSylter Fu\u00dfleistenma\u00df\u201c \u2013 berechnet die Grundfl\u00e4che des Raums von Fu\u00dfleiste zu Fu\u00dfleiste. Bei dieser Berechnungsmethode wird die dar\u00fcber liegende H\u00f6he, d.h. die Raumh\u00f6he, nicht ber\u00fccksichtigt. Dieses Ma\u00df kann auch Loggien, Terrassen, den Raum unter Treppen und unterhalb einer H\u00f6he von zwei Metern vollst\u00e4ndig mit <a href=\"http:\/\/katrin-middelhoff.de\/allgemein\/sylter-mass.html\">einbeziehen.<\/a> Beim Rechnen mit dem \u201eSylter Ma\u00df\u201c wird jeder \u00fcberbaute Quadratmeter addiert: Keller, Spitzb\u00f6den usw. Das l\u00e4sst den Quadratmeterpreis geringer erscheinen \u2013 und die Wohnfl\u00e4che\u00a0gr\u00f6\u00dfer.<\/p><div class=\"elementor-element elementor-element-694d7d4b elementor-widget elementor-widget-text-editor\" data-id=\"694d7d4b\" data-element_type=\"widget\" data-widget_type=\"text-editor.default\"><div class=\"elementor-widget-container\"><p>Ausf\u00fchrliche Informationen zum Sylter Ma\u00df finden Sie auch in unserem <a href=\"https:\/\/www.koenig-sylt.de\/immobilien\/das-sylter-mass-fakten-regeln-und-beratung\/\">Beitrag<\/a>.<\/p><\/div><\/div>\t\t\t\t\t<\/div>\n\t\t\t\t\t\t<\/div>\n\t\t\t\t<\/div>\n\t\t\t\t\t\t<\/div>\n\t\t\t\t\t<\/div>\n\t\t<\/div>\n\t\t\t\t\t\t\t\t<\/div>\n\t\t\t\t\t<\/div>\n\t\t<\/section>\n\t\t\t\t\t\t\t\t\t<\/div>\n\t\t\t<\/div>\n\t\t\t\t\t<\/div>\n\t\t","protected":false},"excerpt":{"rendered":"\u00dcblicherweise wird die Wohnfl\u00e4che einer Immobilie u.a. unter Ber\u00fccksichtigung der Raumh\u00f6he [&hellip;]","protected":false},"author":11,"featured_media":12690,"comment_status":"open","ping_status":"open","sticky":false,"template":"","format":"standard","meta":{"footnotes":""},"categories":[62],"tags":[63,92],"class_list":["post-12683","post","type-post","status-publish","format-standard","has-post-thumbnail","hentry","category-lexikon","tag-lexikon","tag-sylter-mass"],"acf":[],"yoast_head":"<!-- This site is optimized with the Yoast SEO plugin v27.3 - https:\/\/yoast.com\/product\/yoast-seo-wordpress\/ -->\n<title>Sylter Ma\u00df - K\u00f6nig Immobilien<\/title>\n<meta name=\"description\" content=\"Haben Sie mal vom Sylter Ma\u00df geh\u00f6rt? Was nach einer einfachen Frage klingt, kann oben in Deutschlands Norden auch mal zu Verwirrung f\u00fchren.\" \/>\n<meta name=\"robots\" content=\"index, follow, max-snippet:-1, max-image-preview:large, max-video-preview:-1\" \/>\n<link rel=\"canonical\" href=\"https:\/\/www.koenig-sylt.de\/immobilien\/sylter-mass\/\" \/>\n<meta property=\"og:locale\" content=\"de_DE\" \/>\n<meta property=\"og:type\" content=\"article\" \/>\n<meta property=\"og:title\" content=\"Sylter Ma\u00df - K\u00f6nig Immobilien\" \/>\n<meta property=\"og:description\" content=\"Haben Sie mal vom Sylter Ma\u00df geh\u00f6rt? Was nach einer einfachen Frage klingt, kann oben in Deutschlands Norden auch mal zu Verwirrung f\u00fchren.\" \/>\n<meta property=\"og:url\" content=\"https:\/\/www.koenig-sylt.de\/immobilien\/sylter-mass\/\" \/>\n<meta property=\"og:site_name\" content=\"K\u00f6nig Immobilien\" \/>\n<meta property=\"article:published_time\" content=\"2023-09-26T12:55:58+00:00\" \/>\n<meta property=\"article:modified_time\" content=\"2024-05-08T11:56:32+00:00\" \/>\n<meta property=\"og:image\" content=\"https:\/\/www.koenig-sylt.de\/immobilien\/wp-content\/uploads\/2023\/09\/Website-KIS-Lexikon.png\" \/>\n\t<meta property=\"og:image:width\" content=\"690\" \/>\n\t<meta property=\"og:image:height\" content=\"459\" \/>\n\t<meta property=\"og:image:type\" content=\"image\/png\" \/>\n<meta name=\"author\" content=\"Heike Maselkowski\" \/>\n<meta name=\"twitter:card\" content=\"summary_large_image\" \/>\n<meta name=\"twitter:label1\" content=\"Geschrieben von\" \/>\n\t<meta name=\"twitter:data1\" content=\"Heike Maselkowski\" \/>\n\t<meta name=\"twitter:label2\" content=\"Gesch\u00e4tzte Lesezeit\" \/>\n\t<meta name=\"twitter:data2\" content=\"1\u00a0Minute\" \/>\n<script type=\"application\/ld+json\" class=\"yoast-schema-graph\">{\"@context\":\"https:\\\/\\\/schema.org\",\"@graph\":[{\"@type\":\"Article\",\"@id\":\"https:\\\/\\\/www.koenig-sylt.de\\\/immobilien\\\/sylter-mass\\\/#article\",\"isPartOf\":{\"@id\":\"https:\\\/\\\/www.koenig-sylt.de\\\/immobilien\\\/sylter-mass\\\/\"},\"author\":{\"name\":\"Heike Maselkowski\",\"@id\":\"https:\\\/\\\/www.koenig-sylt.de\\\/immobilien\\\/#\\\/schema\\\/person\\\/478f0d02a921d14447e56d794f1e8430\"},\"headline\":\"Sylter Ma\u00df\",\"datePublished\":\"2023-09-26T12:55:58+00:00\",\"dateModified\":\"2024-05-08T11:56:32+00:00\",\"mainEntityOfPage\":{\"@id\":\"https:\\\/\\\/www.koenig-sylt.de\\\/immobilien\\\/sylter-mass\\\/\"},\"wordCount\":194,\"commentCount\":0,\"publisher\":{\"@id\":\"https:\\\/\\\/www.koenig-sylt.de\\\/immobilien\\\/#organization\"},\"image\":{\"@id\":\"https:\\\/\\\/www.koenig-sylt.de\\\/immobilien\\\/sylter-mass\\\/#primaryimage\"},\"thumbnailUrl\":\"https:\\\/\\\/www.koenig-sylt.de\\\/immobilien\\\/wp-content\\\/uploads\\\/2023\\\/09\\\/Website-KIS-Lexikon.png\",\"keywords\":[\"Lexikon\",\"Sylter Ma\u00df\"],\"articleSection\":[\"Lexikon\"],\"inLanguage\":\"de\",\"potentialAction\":[{\"@type\":\"CommentAction\",\"name\":\"Comment\",\"target\":[\"https:\\\/\\\/www.koenig-sylt.de\\\/immobilien\\\/sylter-mass\\\/#respond\"]}]},{\"@type\":\"WebPage\",\"@id\":\"https:\\\/\\\/www.koenig-sylt.de\\\/immobilien\\\/sylter-mass\\\/\",\"url\":\"https:\\\/\\\/www.koenig-sylt.de\\\/immobilien\\\/sylter-mass\\\/\",\"name\":\"Sylter Ma\u00df - K\u00f6nig Immobilien\",\"isPartOf\":{\"@id\":\"https:\\\/\\\/www.koenig-sylt.de\\\/immobilien\\\/#website\"},\"primaryImageOfPage\":{\"@id\":\"https:\\\/\\\/www.koenig-sylt.de\\\/immobilien\\\/sylter-mass\\\/#primaryimage\"},\"image\":{\"@id\":\"https:\\\/\\\/www.koenig-sylt.de\\\/immobilien\\\/sylter-mass\\\/#primaryimage\"},\"thumbnailUrl\":\"https:\\\/\\\/www.koenig-sylt.de\\\/immobilien\\\/wp-content\\\/uploads\\\/2023\\\/09\\\/Website-KIS-Lexikon.png\",\"datePublished\":\"2023-09-26T12:55:58+00:00\",\"dateModified\":\"2024-05-08T11:56:32+00:00\",\"description\":\"Haben Sie mal vom Sylter Ma\u00df geh\u00f6rt? Was nach einer einfachen Frage klingt, kann oben in Deutschlands Norden auch mal zu Verwirrung f\u00fchren.\",\"breadcrumb\":{\"@id\":\"https:\\\/\\\/www.koenig-sylt.de\\\/immobilien\\\/sylter-mass\\\/#breadcrumb\"},\"inLanguage\":\"de\",\"potentialAction\":[{\"@type\":\"ReadAction\",\"target\":[\"https:\\\/\\\/www.koenig-sylt.de\\\/immobilien\\\/sylter-mass\\\/\"]}]},{\"@type\":\"ImageObject\",\"inLanguage\":\"de\",\"@id\":\"https:\\\/\\\/www.koenig-sylt.de\\\/immobilien\\\/sylter-mass\\\/#primaryimage\",\"url\":\"https:\\\/\\\/www.koenig-sylt.de\\\/immobilien\\\/wp-content\\\/uploads\\\/2023\\\/09\\\/Website-KIS-Lexikon.png\",\"contentUrl\":\"https:\\\/\\\/www.koenig-sylt.de\\\/immobilien\\\/wp-content\\\/uploads\\\/2023\\\/09\\\/Website-KIS-Lexikon.png\",\"width\":690,\"height\":459,\"caption\":\"Sylter Ma\u00df\"},{\"@type\":\"BreadcrumbList\",\"@id\":\"https:\\\/\\\/www.koenig-sylt.de\\\/immobilien\\\/sylter-mass\\\/#breadcrumb\",\"itemListElement\":[{\"@type\":\"ListItem\",\"position\":1,\"name\":\"Startseite\",\"item\":\"https:\\\/\\\/www.koenig-sylt.de\\\/immobilien\\\/\"},{\"@type\":\"ListItem\",\"position\":2,\"name\":\"Sylter Ma\u00df\"}]},{\"@type\":\"WebSite\",\"@id\":\"https:\\\/\\\/www.koenig-sylt.de\\\/immobilien\\\/#website\",\"url\":\"https:\\\/\\\/www.koenig-sylt.de\\\/immobilien\\\/\",\"name\":\"K\u00f6nig Immobilien\",\"description\":\"Immobilienmakler Sylt\",\"publisher\":{\"@id\":\"https:\\\/\\\/www.koenig-sylt.de\\\/immobilien\\\/#organization\"},\"potentialAction\":[{\"@type\":\"SearchAction\",\"target\":{\"@type\":\"EntryPoint\",\"urlTemplate\":\"https:\\\/\\\/www.koenig-sylt.de\\\/immobilien\\\/?s={search_term_string}\"},\"query-input\":{\"@type\":\"PropertyValueSpecification\",\"valueRequired\":true,\"valueName\":\"search_term_string\"}}],\"inLanguage\":\"de\"},{\"@type\":\"Organization\",\"@id\":\"https:\\\/\\\/www.koenig-sylt.de\\\/immobilien\\\/#organization\",\"name\":\"K\u00f6nig Immobilien\",\"url\":\"https:\\\/\\\/www.koenig-sylt.de\\\/immobilien\\\/\",\"logo\":{\"@type\":\"ImageObject\",\"inLanguage\":\"de\",\"@id\":\"https:\\\/\\\/www.koenig-sylt.de\\\/immobilien\\\/#\\\/schema\\\/logo\\\/image\\\/\",\"url\":\"https:\\\/\\\/www.koenig-sylt.de\\\/immobilien\\\/wp-content\\\/uploads\\\/2025\\\/11\\\/KOE_Immobilien_Logo_quer_RGB.png\",\"contentUrl\":\"https:\\\/\\\/www.koenig-sylt.de\\\/immobilien\\\/wp-content\\\/uploads\\\/2025\\\/11\\\/KOE_Immobilien_Logo_quer_RGB.png\",\"width\":57,\"height\":57,\"caption\":\"K\u00f6nig Immobilien\"},\"image\":{\"@id\":\"https:\\\/\\\/www.koenig-sylt.de\\\/immobilien\\\/#\\\/schema\\\/logo\\\/image\\\/\"}},{\"@type\":\"Person\",\"@id\":\"https:\\\/\\\/www.koenig-sylt.de\\\/immobilien\\\/#\\\/schema\\\/person\\\/478f0d02a921d14447e56d794f1e8430\",\"name\":\"Heike Maselkowski\"}]}<\/script>\n<!-- \/ Yoast SEO plugin. -->","yoast_head_json":{"title":"Sylter Ma\u00df - K\u00f6nig Immobilien","description":"Haben Sie mal vom Sylter Ma\u00df geh\u00f6rt? Was nach einer einfachen Frage klingt, kann oben in Deutschlands Norden auch mal zu Verwirrung f\u00fchren.","robots":{"index":"index","follow":"follow","max-snippet":"max-snippet:-1","max-image-preview":"max-image-preview:large","max-video-preview":"max-video-preview:-1"},"canonical":"https:\/\/www.koenig-sylt.de\/immobilien\/sylter-mass\/","og_locale":"de_DE","og_type":"article","og_title":"Sylter Ma\u00df - K\u00f6nig Immobilien","og_description":"Haben Sie mal vom Sylter Ma\u00df geh\u00f6rt? Was nach einer einfachen Frage klingt, kann oben in Deutschlands Norden auch mal zu Verwirrung f\u00fchren.","og_url":"https:\/\/www.koenig-sylt.de\/immobilien\/sylter-mass\/","og_site_name":"K\u00f6nig Immobilien","article_published_time":"2023-09-26T12:55:58+00:00","article_modified_time":"2024-05-08T11:56:32+00:00","og_image":[{"width":690,"height":459,"url":"https:\/\/www.koenig-sylt.de\/immobilien\/wp-content\/uploads\/2023\/09\/Website-KIS-Lexikon.png","type":"image\/png"}],"author":"Heike Maselkowski","twitter_card":"summary_large_image","twitter_misc":{"Geschrieben von":"Heike Maselkowski","Gesch\u00e4tzte Lesezeit":"1\u00a0Minute"},"schema":{"@context":"https:\/\/schema.org","@graph":[{"@type":"Article","@id":"https:\/\/www.koenig-sylt.de\/immobilien\/sylter-mass\/#article","isPartOf":{"@id":"https:\/\/www.koenig-sylt.de\/immobilien\/sylter-mass\/"},"author":{"name":"Heike Maselkowski","@id":"https:\/\/www.koenig-sylt.de\/immobilien\/#\/schema\/person\/478f0d02a921d14447e56d794f1e8430"},"headline":"Sylter Ma\u00df","datePublished":"2023-09-26T12:55:58+00:00","dateModified":"2024-05-08T11:56:32+00:00","mainEntityOfPage":{"@id":"https:\/\/www.koenig-sylt.de\/immobilien\/sylter-mass\/"},"wordCount":194,"commentCount":0,"publisher":{"@id":"https:\/\/www.koenig-sylt.de\/immobilien\/#organization"},"image":{"@id":"https:\/\/www.koenig-sylt.de\/immobilien\/sylter-mass\/#primaryimage"},"thumbnailUrl":"https:\/\/www.koenig-sylt.de\/immobilien\/wp-content\/uploads\/2023\/09\/Website-KIS-Lexikon.png","keywords":["Lexikon","Sylter Ma\u00df"],"articleSection":["Lexikon"],"inLanguage":"de","potentialAction":[{"@type":"CommentAction","name":"Comment","target":["https:\/\/www.koenig-sylt.de\/immobilien\/sylter-mass\/#respond"]}]},{"@type":"WebPage","@id":"https:\/\/www.koenig-sylt.de\/immobilien\/sylter-mass\/","url":"https:\/\/www.koenig-sylt.de\/immobilien\/sylter-mass\/","name":"Sylter Ma\u00df - K\u00f6nig Immobilien","isPartOf":{"@id":"https:\/\/www.koenig-sylt.de\/immobilien\/#website"},"primaryImageOfPage":{"@id":"https:\/\/www.koenig-sylt.de\/immobilien\/sylter-mass\/#primaryimage"},"image":{"@id":"https:\/\/www.koenig-sylt.de\/immobilien\/sylter-mass\/#primaryimage"},"thumbnailUrl":"https:\/\/www.koenig-sylt.de\/immobilien\/wp-content\/uploads\/2023\/09\/Website-KIS-Lexikon.png","datePublished":"2023-09-26T12:55:58+00:00","dateModified":"2024-05-08T11:56:32+00:00","description":"Haben Sie mal vom Sylter Ma\u00df geh\u00f6rt? Was nach einer einfachen Frage klingt, kann oben in Deutschlands Norden auch mal zu Verwirrung f\u00fchren.","breadcrumb":{"@id":"https:\/\/www.koenig-sylt.de\/immobilien\/sylter-mass\/#breadcrumb"},"inLanguage":"de","potentialAction":[{"@type":"ReadAction","target":["https:\/\/www.koenig-sylt.de\/immobilien\/sylter-mass\/"]}]},{"@type":"ImageObject","inLanguage":"de","@id":"https:\/\/www.koenig-sylt.de\/immobilien\/sylter-mass\/#primaryimage","url":"https:\/\/www.koenig-sylt.de\/immobilien\/wp-content\/uploads\/2023\/09\/Website-KIS-Lexikon.png","contentUrl":"https:\/\/www.koenig-sylt.de\/immobilien\/wp-content\/uploads\/2023\/09\/Website-KIS-Lexikon.png","width":690,"height":459,"caption":"Sylter Ma\u00df"},{"@type":"BreadcrumbList","@id":"https:\/\/www.koenig-sylt.de\/immobilien\/sylter-mass\/#breadcrumb","itemListElement":[{"@type":"ListItem","position":1,"name":"Startseite","item":"https:\/\/www.koenig-sylt.de\/immobilien\/"},{"@type":"ListItem","position":2,"name":"Sylter Ma\u00df"}]},{"@type":"WebSite","@id":"https:\/\/www.koenig-sylt.de\/immobilien\/#website","url":"https:\/\/www.koenig-sylt.de\/immobilien\/","name":"K\u00f6nig Immobilien","description":"Immobilienmakler Sylt","publisher":{"@id":"https:\/\/www.koenig-sylt.de\/immobilien\/#organization"},"potentialAction":[{"@type":"SearchAction","target":{"@type":"EntryPoint","urlTemplate":"https:\/\/www.koenig-sylt.de\/immobilien\/?s={search_term_string}"},"query-input":{"@type":"PropertyValueSpecification","valueRequired":true,"valueName":"search_term_string"}}],"inLanguage":"de"},{"@type":"Organization","@id":"https:\/\/www.koenig-sylt.de\/immobilien\/#organization","name":"K\u00f6nig Immobilien","url":"https:\/\/www.koenig-sylt.de\/immobilien\/","logo":{"@type":"ImageObject","inLanguage":"de","@id":"https:\/\/www.koenig-sylt.de\/immobilien\/#\/schema\/logo\/image\/","url":"https:\/\/www.koenig-sylt.de\/immobilien\/wp-content\/uploads\/2025\/11\/KOE_Immobilien_Logo_quer_RGB.png","contentUrl":"https:\/\/www.koenig-sylt.de\/immobilien\/wp-content\/uploads\/2025\/11\/KOE_Immobilien_Logo_quer_RGB.png","width":57,"height":57,"caption":"K\u00f6nig Immobilien"},"image":{"@id":"https:\/\/www.koenig-sylt.de\/immobilien\/#\/schema\/logo\/image\/"}},{"@type":"Person","@id":"https:\/\/www.koenig-sylt.de\/immobilien\/#\/schema\/person\/478f0d02a921d14447e56d794f1e8430","name":"Heike Maselkowski"}]}},"_links":{"self":[{"href":"https:\/\/www.koenig-sylt.de\/immobilien\/wp-json\/wp\/v2\/posts\/12683","targetHints":{"allow":["GET"]}}],"collection":[{"href":"https:\/\/www.koenig-sylt.de\/immobilien\/wp-json\/wp\/v2\/posts"}],"about":[{"href":"https:\/\/www.koenig-sylt.de\/immobilien\/wp-json\/wp\/v2\/types\/post"}],"author":[{"embeddable":true,"href":"https:\/\/www.koenig-sylt.de\/immobilien\/wp-json\/wp\/v2\/users\/11"}],"replies":[{"embeddable":true,"href":"https:\/\/www.koenig-sylt.de\/immobilien\/wp-json\/wp\/v2\/comments?post=12683"}],"version-history":[{"count":13,"href":"https:\/\/www.koenig-sylt.de\/immobilien\/wp-json\/wp\/v2\/posts\/12683\/revisions"}],"predecessor-version":[{"id":13926,"href":"https:\/\/www.koenig-sylt.de\/immobilien\/wp-json\/wp\/v2\/posts\/12683\/revisions\/13926"}],"wp:featuredmedia":[{"embeddable":true,"href":"https:\/\/www.koenig-sylt.de\/immobilien\/wp-json\/wp\/v2\/media\/12690"}],"wp:attachment":[{"href":"https:\/\/www.koenig-sylt.de\/immobilien\/wp-json\/wp\/v2\/media?parent=12683"}],"wp:term":[{"taxonomy":"category","embeddable":true,"href":"https:\/\/www.koenig-sylt.de\/immobilien\/wp-json\/wp\/v2\/categories?post=12683"},{"taxonomy":"post_tag","embeddable":true,"href":"https:\/\/www.koenig-sylt.de\/immobilien\/wp-json\/wp\/v2\/tags?post=12683"}],"curies":[{"name":"wp","href":"https:\/\/api.w.org\/{rel}","templated":true}]}}