{"id":15413,"date":"2025-04-03T11:50:00","date_gmt":"2025-04-03T09:50:00","guid":{"rendered":"https:\/\/www.koenig-sylt.de\/immobilien\/?p=15413"},"modified":"2025-04-01T15:35:23","modified_gmt":"2025-04-01T13:35:23","slug":"wohntrends-2025-sylt","status":"publish","type":"post","link":"https:\/\/www.koenig-sylt.de\/immobilien\/wohntrends-2025-sylt\/","title":{"rendered":"Wohntrends 2025: Stil &#038; Sylter Seele"},"content":{"rendered":"\t\t<div data-elementor-type=\"wp-post\" data-elementor-id=\"15413\" data-post-id=\"15413\" data-obj-id=\"15413\" class=\"elementor elementor-15413 dce-elementor-post-15413\">\n\t\t\t\t\t\t<div class=\"elementor-inner\">\n\t\t\t\t<div class=\"elementor-section-wrap\">\n\t\t\t\t\t\t\t\t\t<section class=\"elementor-section elementor-top-section elementor-element elementor-element-2db0619 elementor-section-boxed elementor-section-height-default elementor-section-height-default\" data-id=\"2db0619\" data-element_type=\"section\">\n\t\t\t\t\t\t<div class=\"elementor-container elementor-column-gap-default\">\n\t\t\t\t\t\t\t<div class=\"elementor-row\">\n\t\t\t\t\t<div class=\"elementor-column elementor-col-100 elementor-top-column elementor-element elementor-element-5eb76fa0\" data-id=\"5eb76fa0\" data-element_type=\"column\">\n\t\t\t<div class=\"elementor-column-wrap elementor-element-populated\">\n\t\t\t\t\t\t\t<div class=\"elementor-widget-wrap\">\n\t\t\t\t\t\t<div class=\"elementor-element elementor-element-2cccdb38 elementor-widget elementor-widget-text-editor\" data-id=\"2cccdb38\" data-element_type=\"widget\" data-widget_type=\"text-editor.default\">\n\t\t\t\t<div class=\"elementor-widget-container\">\n\t\t\t\t\t\t\t\t<div class=\"elementor-text-editor elementor-clearfix\">\n\t\t\t\t<p>Im Jahr 2025 erleben Sie in der Welt des Wohnens und Einrichtens eine spannende Symbiose aus Nostalgie, Nachhaltigkeit und moderner Eleganz. Besonders die Pantone-<a href=\"https:\/\/www.vogue.de\/artikel\/pantone-farbe-des-jahres-2025-mocha-mousse\" target=\"_blank\" rel=\"noopener\">Farbe des Jahres \u201eMocha Mousse\u201c<\/a>\u00a0bringt neue Behaglichkeit als Wohntrend mit sich. Der warme Braunton mit subtilen r\u00f6tlichen Nuancen l\u00e4sst sich vielseitig einsetzen und harmoniert sowohl mit kr\u00e4ftigen Farben als auch mit neutralen T\u00f6nen. Wohntrends 2025 setzen auf hochwertige Materialien, sanfte Naturt\u00f6ne und nachhaltige Design-Konzepte. Die aktuellen Wohntrends unterstreichen den nat\u00fcrlichen Charakter von Sylter Immobilien: Handgefertigte Materialien, sanfte Farben und luxuri\u00f6se Gem\u00fctlichkeit stehen im Mittelpunkt.<\/p>\t\t\t\t\t<\/div>\n\t\t\t\t\t\t<\/div>\n\t\t\t\t<\/div>\n\t\t\t\t\t\t<\/div>\n\t\t\t\t\t<\/div>\n\t\t<\/div>\n\t\t\t\t\t\t\t\t<\/div>\n\t\t\t\t\t<\/div>\n\t\t<\/section>\n\t\t\t\t<section class=\"elementor-section elementor-top-section elementor-element elementor-element-58f9bc79 elementor-section-content-top elementor-section-boxed elementor-section-height-default elementor-section-height-default\" data-id=\"58f9bc79\" data-element_type=\"section\">\n\t\t\t\t\t\t<div class=\"elementor-container elementor-column-gap-default\">\n\t\t\t\t\t\t\t<div class=\"elementor-row\">\n\t\t\t\t\t<div class=\"elementor-column elementor-col-100 elementor-top-column elementor-element elementor-element-5d0aa178\" data-id=\"5d0aa178\" data-element_type=\"column\">\n\t\t\t<div class=\"elementor-column-wrap elementor-element-populated\">\n\t\t\t\t\t\t\t<div class=\"elementor-widget-wrap\">\n\t\t\t\t\t\t<section class=\"elementor-section elementor-inner-section elementor-element elementor-element-68f6fd2d elementor-section-content-top elementor-section-boxed elementor-section-height-default elementor-section-height-default\" data-id=\"68f6fd2d\" data-element_type=\"section\">\n\t\t\t\t\t\t<div class=\"elementor-container elementor-column-gap-default\">\n\t\t\t\t\t\t\t<div class=\"elementor-row\">\n\t\t\t\t\t<div class=\"elementor-column elementor-col-50 elementor-inner-column elementor-element elementor-element-217e83ae\" data-id=\"217e83ae\" data-element_type=\"column\">\n\t\t\t<div class=\"elementor-column-wrap elementor-element-populated\">\n\t\t\t\t\t\t\t<div class=\"elementor-widget-wrap\">\n\t\t\t\t\t\t<div class=\"elementor-element elementor-element-3a9d262 elementor-widget elementor-widget-heading\" data-id=\"3a9d262\" data-element_type=\"widget\" data-widget_type=\"heading.default\">\n\t\t\t\t<div class=\"elementor-widget-container\">\n\t\t\t<h4 class=\"elementor-heading-title elementor-size-large\">Nachhaltigkeit trifft Exklusivit\u00e4t \u2013 Naturmaterialien mit Charakter<\/h4>\t\t<\/div>\n\t\t\t\t<\/div>\n\t\t\t\t<div class=\"elementor-element elementor-element-61894cb9 elementor-widget elementor-widget-text-editor\" data-id=\"61894cb9\" data-element_type=\"widget\" data-widget_type=\"text-editor.default\">\n\t\t\t\t<div class=\"elementor-widget-container\">\n\t\t\t\t\t\t\t\t<div class=\"elementor-text-editor elementor-clearfix\">\n\t\t\t\t<p>Auch das Bewusstsein f\u00fcr die Umwelt pr\u00e4gt zunehmend die Einrichtungstrends. M\u00f6bel und Accessoires aus recycelten Materialien sind gefragter denn je.<br \/>Auf Sylt ist die Liebe zur Natur tief in der Architektur verwurzelt. 2025 setzt diesen Wohntrend fort: Hochwertige Naturmaterialien wie Eichenholz, Naturstein und Leinen pr\u00e4gen exklusive Wohnr\u00e4ume. Reetd\u00e4cher sind nicht nur ein architektonisches Erbe, sondern auch ein nachhaltiges Statement.<\/p><h3>Reetdach, Leinen &amp; Treibholz \u2013 echte Statements f\u00fcr Sylt-Liebhaber<\/h3><p><strong><br \/>Trend-Tipps:<\/strong><\/p><ul><li>M\u00f6bel aus regionalen H\u00f6lzern wie Eiche oder Kiefer<\/li><li>Upcycling-Elemente, z. B. aus altem Boots- oder Treibholz<\/li><li>Handgewebte Teppiche und Leinenstoffe f\u00fcr eine gem\u00fctliche Atmosph\u00e4re<\/li><\/ul>\t\t\t\t\t<\/div>\n\t\t\t\t\t\t<\/div>\n\t\t\t\t<\/div>\n\t\t\t\t\t\t<\/div>\n\t\t\t\t\t<\/div>\n\t\t<\/div>\n\t\t\t\t<div class=\"elementor-column elementor-col-50 elementor-inner-column elementor-element elementor-element-21a822d3\" data-id=\"21a822d3\" data-element_type=\"column\">\n\t\t\t<div class=\"elementor-column-wrap elementor-element-populated\">\n\t\t\t\t\t\t\t<div class=\"elementor-widget-wrap\">\n\t\t\t\t\t\t<div class=\"elementor-element elementor-element-3bbf667b dce_masking-none elementor-widget elementor-widget-image\" data-id=\"3bbf667b\" data-element_type=\"widget\" data-widget_type=\"image.default\">\n\t\t\t\t<div class=\"elementor-widget-container\">\n\t\t\t\t\t\t\t\t<div class=\"elementor-image\">\n\t\t\t\t\t\t\t\t\t\t\t\t<img loading=\"lazy\" decoding=\"async\" width=\"700\" height=\"467\" src=\"https:\/\/www.koenig-sylt.de\/immobilien\/wp-content\/uploads\/2025\/03\/shutterstock_2569452023-700x467.jpg\" class=\"attachment-large size-large\" alt=\"Farbe des Jahres 2025: Mocha Mousse 17-1230\" srcset=\"https:\/\/www.koenig-sylt.de\/immobilien\/wp-content\/uploads\/2025\/03\/shutterstock_2569452023-700x467.jpg 700w, https:\/\/www.koenig-sylt.de\/immobilien\/wp-content\/uploads\/2025\/03\/shutterstock_2569452023-250x167.jpg 250w, https:\/\/www.koenig-sylt.de\/immobilien\/wp-content\/uploads\/2025\/03\/shutterstock_2569452023-768x512.jpg 768w, https:\/\/www.koenig-sylt.de\/immobilien\/wp-content\/uploads\/2025\/03\/shutterstock_2569452023-1536x1024.jpg 1536w, https:\/\/www.koenig-sylt.de\/immobilien\/wp-content\/uploads\/2025\/03\/shutterstock_2569452023-2048x1365.jpg 2048w, https:\/\/www.koenig-sylt.de\/immobilien\/wp-content\/uploads\/2025\/03\/shutterstock_2569452023-120x80.jpg 120w\" sizes=\"auto, (max-width: 700px) 100vw, 700px\" \/>\t\t\t\t\t\t\t\t\t\t\t\t\t\t<\/div>\n\t\t\t\t\t\t<\/div>\n\t\t\t\t<\/div>\n\t\t\t\t\t\t<\/div>\n\t\t\t\t\t<\/div>\n\t\t<\/div>\n\t\t\t\t\t\t\t\t<\/div>\n\t\t\t\t\t<\/div>\n\t\t<\/section>\n\t\t\t\t\t\t<\/div>\n\t\t\t\t\t<\/div>\n\t\t<\/div>\n\t\t\t\t\t\t\t\t<\/div>\n\t\t\t\t\t<\/div>\n\t\t<\/section>\n\t\t\t\t<section class=\"elementor-section elementor-top-section elementor-element elementor-element-266c25c2 elementor-section-boxed elementor-section-height-default elementor-section-height-default\" data-id=\"266c25c2\" data-element_type=\"section\">\n\t\t\t\t\t\t<div class=\"elementor-container elementor-column-gap-default\">\n\t\t\t\t\t\t\t<div class=\"elementor-row\">\n\t\t\t\t\t<div class=\"elementor-column elementor-col-100 elementor-top-column elementor-element elementor-element-68d569e2\" data-id=\"68d569e2\" data-element_type=\"column\">\n\t\t\t<div class=\"elementor-column-wrap elementor-element-populated\">\n\t\t\t\t\t\t\t<div class=\"elementor-widget-wrap\">\n\t\t\t\t\t\t<section class=\"elementor-section elementor-inner-section elementor-element elementor-element-3ca65c8f elementor-section-boxed elementor-section-height-default elementor-section-height-default\" data-id=\"3ca65c8f\" data-element_type=\"section\">\n\t\t\t\t\t\t<div class=\"elementor-container elementor-column-gap-default\">\n\t\t\t\t\t\t\t<div class=\"elementor-row\">\n\t\t\t\t\t<div class=\"elementor-column elementor-col-100 elementor-inner-column elementor-element elementor-element-1a341849\" data-id=\"1a341849\" data-element_type=\"column\">\n\t\t\t<div class=\"elementor-column-wrap elementor-element-populated\">\n\t\t\t\t\t\t\t<div class=\"elementor-widget-wrap\">\n\t\t\t\t\t\t<div class=\"elementor-element elementor-element-1ccaa243 elementor-widget elementor-widget-heading\" data-id=\"1ccaa243\" data-element_type=\"widget\" data-widget_type=\"heading.default\">\n\t\t\t\t<div class=\"elementor-widget-container\">\n\t\t\t<h4 class=\"elementor-heading-title elementor-size-large\">Retro-Charme neu gedacht \u2013 Die R\u00fcckkehr der 60er bis 80er<\/h4>\t\t<\/div>\n\t\t\t\t<\/div>\n\t\t\t\t<div class=\"elementor-element elementor-element-4754f800 elementor-widget elementor-widget-text-editor\" data-id=\"4754f800\" data-element_type=\"widget\" data-widget_type=\"text-editor.default\">\n\t\t\t\t<div class=\"elementor-widget-container\">\n\t\t\t\t\t\t\t\t<div class=\"elementor-text-editor elementor-clearfix\">\n\t\t\t\t<p>Ein dominierender Trend in diesem Jahr ist die\u00a0<a style=\"--tw-scale-x: 1; --tw-scale-y: 1; --tw-scroll-snap-strictness: proximity; --tw-ring-offset-width: 0px; --tw-ring-offset-color: #fff; --tw-ring-color: rgba(59,130,246,.5); --tw-ring-offset-shadow: 0 0 #0000; --tw-ring-shadow: 0 0 #0000; --tw-shadow: 0 0 #0000; --tw-shadow-colored: 0 0 #0000; background-color: #ffffff;\" href=\"https:\/\/www.nordicnest.de\/inspirationen-tipps\/trends-und-stile\/wohntrends-2025\/\">Wiederentdeckung vergangener Jahrzehnte<\/a>. Designs aus den 60er-, 70er- und 80er-Jahren erleben ein Comeback \u2013 jedoch mit einem modernen Twist. Der Wunsch nach Vertrautheit und Komfort bringt Retro-Vibes zur\u00fcck in die Wohnr\u00e4ume und pr\u00e4gt die Wohntrends 2025.<\/p>\t\t\t\t\t<\/div>\n\t\t\t\t\t\t<\/div>\n\t\t\t\t<\/div>\n\t\t\t\t\t\t<\/div>\n\t\t\t\t\t<\/div>\n\t\t<\/div>\n\t\t\t\t\t\t\t\t<\/div>\n\t\t\t\t\t<\/div>\n\t\t<\/section>\n\t\t\t\t\t\t<\/div>\n\t\t\t\t\t<\/div>\n\t\t<\/div>\n\t\t\t\t\t\t\t\t<\/div>\n\t\t\t\t\t<\/div>\n\t\t<\/section>\n\t\t\t\t<section class=\"elementor-section elementor-top-section elementor-element elementor-element-4135692 elementor-section-boxed elementor-section-height-default elementor-section-height-default\" data-id=\"4135692\" data-element_type=\"section\">\n\t\t\t\t\t\t<div class=\"elementor-container elementor-column-gap-default\">\n\t\t\t\t\t\t\t<div class=\"elementor-row\">\n\t\t\t\t\t<div class=\"elementor-column elementor-col-100 elementor-top-column elementor-element elementor-element-54128484\" data-id=\"54128484\" data-element_type=\"column\">\n\t\t\t<div class=\"elementor-column-wrap elementor-element-populated\">\n\t\t\t\t\t\t\t<div class=\"elementor-widget-wrap\">\n\t\t\t\t\t\t<section class=\"elementor-section elementor-inner-section elementor-element elementor-element-18612d80 elementor-section-boxed elementor-section-height-default elementor-section-height-default\" data-id=\"18612d80\" data-element_type=\"section\">\n\t\t\t\t\t\t<div class=\"elementor-container elementor-column-gap-default\">\n\t\t\t\t\t\t\t<div class=\"elementor-row\">\n\t\t\t\t\t<div class=\"elementor-column elementor-col-50 elementor-inner-column elementor-element elementor-element-d793d54\" data-id=\"d793d54\" data-element_type=\"column\">\n\t\t\t<div class=\"elementor-column-wrap elementor-element-populated\">\n\t\t\t\t\t\t\t<div class=\"elementor-widget-wrap\">\n\t\t\t\t\t\t<div class=\"elementor-element elementor-element-c317d60 dce_masking-none elementor-widget elementor-widget-image\" data-id=\"c317d60\" data-element_type=\"widget\" data-widget_type=\"image.default\">\n\t\t\t\t<div class=\"elementor-widget-container\">\n\t\t\t\t\t\t\t\t<div class=\"elementor-image\">\n\t\t\t\t\t\t\t\t\t\t\t\t<img loading=\"lazy\" decoding=\"async\" width=\"700\" height=\"467\" src=\"https:\/\/www.koenig-sylt.de\/immobilien\/wp-content\/uploads\/2025\/03\/shutterstock_2598507533-700x467.jpg\" class=\"attachment-large size-large\" alt=\"Wohntrends 2025: Stil &amp; Sylter Seele\" srcset=\"https:\/\/www.koenig-sylt.de\/immobilien\/wp-content\/uploads\/2025\/03\/shutterstock_2598507533-700x467.jpg 700w, https:\/\/www.koenig-sylt.de\/immobilien\/wp-content\/uploads\/2025\/03\/shutterstock_2598507533-250x167.jpg 250w, https:\/\/www.koenig-sylt.de\/immobilien\/wp-content\/uploads\/2025\/03\/shutterstock_2598507533-768x513.jpg 768w, https:\/\/www.koenig-sylt.de\/immobilien\/wp-content\/uploads\/2025\/03\/shutterstock_2598507533-1536x1025.jpg 1536w, https:\/\/www.koenig-sylt.de\/immobilien\/wp-content\/uploads\/2025\/03\/shutterstock_2598507533-2048x1367.jpg 2048w, https:\/\/www.koenig-sylt.de\/immobilien\/wp-content\/uploads\/2025\/03\/shutterstock_2598507533-120x80.jpg 120w\" sizes=\"auto, (max-width: 700px) 100vw, 700px\" \/>\t\t\t\t\t\t\t\t\t\t\t\t\t\t<\/div>\n\t\t\t\t\t\t<\/div>\n\t\t\t\t<\/div>\n\t\t\t\t<div class=\"elementor-element elementor-element-f8e61b3 dce_masking-none elementor-widget elementor-widget-image\" data-id=\"f8e61b3\" data-element_type=\"widget\" data-widget_type=\"image.default\">\n\t\t\t\t<div class=\"elementor-widget-container\">\n\t\t\t\t\t\t\t\t<div class=\"elementor-image\">\n\t\t\t\t\t\t\t\t\t\t\t\t<img loading=\"lazy\" decoding=\"async\" width=\"700\" height=\"467\" src=\"https:\/\/www.koenig-sylt.de\/immobilien\/wp-content\/uploads\/2025\/03\/shutterstock_2547417993-700x467.jpg\" class=\"attachment-large size-large\" alt=\"Wohntrends 2025 - Frau liest Buch auf Sofa\" srcset=\"https:\/\/www.koenig-sylt.de\/immobilien\/wp-content\/uploads\/2025\/03\/shutterstock_2547417993-700x467.jpg 700w, https:\/\/www.koenig-sylt.de\/immobilien\/wp-content\/uploads\/2025\/03\/shutterstock_2547417993-250x167.jpg 250w, https:\/\/www.koenig-sylt.de\/immobilien\/wp-content\/uploads\/2025\/03\/shutterstock_2547417993-768x512.jpg 768w, https:\/\/www.koenig-sylt.de\/immobilien\/wp-content\/uploads\/2025\/03\/shutterstock_2547417993-1536x1024.jpg 1536w, https:\/\/www.koenig-sylt.de\/immobilien\/wp-content\/uploads\/2025\/03\/shutterstock_2547417993-2048x1365.jpg 2048w, https:\/\/www.koenig-sylt.de\/immobilien\/wp-content\/uploads\/2025\/03\/shutterstock_2547417993-120x80.jpg 120w\" sizes=\"auto, (max-width: 700px) 100vw, 700px\" \/>\t\t\t\t\t\t\t\t\t\t\t\t\t\t<\/div>\n\t\t\t\t\t\t<\/div>\n\t\t\t\t<\/div>\n\t\t\t\t\t\t<\/div>\n\t\t\t\t\t<\/div>\n\t\t<\/div>\n\t\t\t\t<div class=\"elementor-column elementor-col-50 elementor-inner-column elementor-element elementor-element-6f2d203a\" data-id=\"6f2d203a\" data-element_type=\"column\">\n\t\t\t<div class=\"elementor-column-wrap elementor-element-populated\">\n\t\t\t\t\t\t\t<div class=\"elementor-widget-wrap\">\n\t\t\t\t\t\t<div class=\"elementor-element elementor-element-3f3fba69 elementor-widget elementor-widget-text-editor\" data-id=\"3f3fba69\" data-element_type=\"widget\" data-widget_type=\"text-editor.default\">\n\t\t\t\t<div class=\"elementor-widget-container\">\n\t\t\t\t\t\t\t\t<div class=\"elementor-text-editor elementor-clearfix\">\n\t\t\t\t<p><span style=\"color: inherit; font-size: 20px; text-transform: uppercase;\">Mid-Century-Stil: Zeitlose Eleganz im Friesenhaus<\/span><\/p><p>Der elegante Mid-Century-Stil aus den 60ern kehrt mit klaren Linien, organischen Formen und hochwertigen Naturmaterialien zur\u00fcck. Dieser Stil passt perfekt zu exklusiven Immobilien wie Friesenh\u00e4usern auf Sylt.<\/p><p><strong>Typische Elemente:<\/strong><\/p><ul><li>Schlanke M\u00f6bel mit Holzbeinen (z. B. Teak oder Nussbaum)<\/li><li>Organische Formen bei Sofas, Sesseln und Couchtischen<\/li><li>Statement-Lampen mit Messing- oder Goldakzenten<\/li><li>Farblich reduzierte R\u00e4ume in Erdt\u00f6nen, kombiniert mit k\u00fchlem Blau oder Olivgr\u00fcn<\/li><li>Abstrakte Muster bei Tapeten und Textilien<\/li><\/ul><p><strong>Der 2025-Twist:<\/strong> Kombiniert mit modernen Designelementen und nat\u00fcrlichen Stoffen (Leinen, Boucl\u00e9) wird Mid-Century w\u00e4rmer und gem\u00fctlicher als in den 60ern.<\/p><h3>Boho-Vibes der 70er \u2013 Erdige Farben und sanfte Formen<\/h3><p>Die 70er-Jahre stehen f\u00fcr mutige Farben, organische Formen und Naturverbundenheit. Der Boho-Look feiert 2025 ein stilvolles Comeback.<\/p><p><strong>Typische Elemente:<\/strong><\/p><ul><li>Erdige Farbt\u00f6ne: Ocker, Rostrot, Senfgelb und &#8222;Mocha Mousse&#8220;<\/li><li>Runde Formen: Geschwungene Sofas, runde Spiegel und Esstische<\/li><li>H\u00e4kel- und Makramee-Deko: Ideal f\u00fcr Sylter Ferienh\u00e4user mit entspannter Boho-\u00c4sthetik<\/li><li>Rattan- und Bambusm\u00f6bel: Nachhaltig und warm \u2013 perfekt f\u00fcr Sylt<\/li><li>Velours und Samt: Besonders f\u00fcr Polsterm\u00f6bel und Sessel beliebt<\/li><\/ul><p><strong>Der 2025-Twist:<\/strong> Dezente Farbgestaltung mit Beige-, Sand- und Braunt\u00f6nen, kombiniert mit dunklem Holz und goldenen Akzenten.<\/p>\t\t\t\t\t<\/div>\n\t\t\t\t\t\t<\/div>\n\t\t\t\t<\/div>\n\t\t\t\t\t\t<\/div>\n\t\t\t\t\t<\/div>\n\t\t<\/div>\n\t\t\t\t\t\t\t\t<\/div>\n\t\t\t\t\t<\/div>\n\t\t<\/section>\n\t\t\t\t\t\t<\/div>\n\t\t\t\t\t<\/div>\n\t\t<\/div>\n\t\t\t\t\t\t\t\t<\/div>\n\t\t\t\t\t<\/div>\n\t\t<\/section>\n\t\t\t\t<section class=\"elementor-section elementor-top-section elementor-element elementor-element-b5fb84c elementor-section-boxed elementor-section-height-default elementor-section-height-default\" data-id=\"b5fb84c\" data-element_type=\"section\">\n\t\t\t\t\t\t<div class=\"elementor-container elementor-column-gap-default\">\n\t\t\t\t\t\t\t<div class=\"elementor-row\">\n\t\t\t\t\t<div class=\"elementor-column elementor-col-100 elementor-top-column elementor-element elementor-element-8e94d5c\" data-id=\"8e94d5c\" data-element_type=\"column\">\n\t\t\t<div class=\"elementor-column-wrap elementor-element-populated\">\n\t\t\t\t\t\t\t<div class=\"elementor-widget-wrap\">\n\t\t\t\t\t\t<section class=\"elementor-section elementor-inner-section elementor-element elementor-element-9a5f954 elementor-section-boxed elementor-section-height-default elementor-section-height-default\" data-id=\"9a5f954\" data-element_type=\"section\">\n\t\t\t\t\t\t<div class=\"elementor-container elementor-column-gap-default\">\n\t\t\t\t\t\t\t<div class=\"elementor-row\">\n\t\t\t\t\t<div class=\"elementor-column elementor-col-100 elementor-inner-column elementor-element elementor-element-01f63a2\" data-id=\"01f63a2\" data-element_type=\"column\">\n\t\t\t<div class=\"elementor-column-wrap elementor-element-populated\">\n\t\t\t\t\t\t\t<div class=\"elementor-widget-wrap\">\n\t\t\t\t\t\t<div class=\"elementor-element elementor-element-a235e95 elementor-widget elementor-widget-text-editor\" data-id=\"a235e95\" data-element_type=\"widget\" data-widget_type=\"text-editor.default\">\n\t\t\t\t<div class=\"elementor-widget-container\">\n\t\t\t\t\t\t\t\t<div class=\"elementor-text-editor elementor-clearfix\">\n\t\t\t\t<h3>Glamour der 80er \u2013 Zur\u00fcckhaltend, aber luxuri\u00f6s<\/h3><p>Die 80er sind bekannt f\u00fcr Opulenz, Art Deco-Ankl\u00e4nge und geometrische Designs. Diese Elemente werden 2025 neu interpretiert.<\/p><p><strong>Typische Elemente:<\/strong><\/p><ul><li>Marmor &amp; gl\u00e4nzende Oberfl\u00e4chen \u2013 besonders f\u00fcr K\u00fcchen und B\u00e4der<\/li><li>Futuristische M\u00f6bel: Klare Linien und kantige Formen<\/li><li>Geometrische Muster auf Teppichen, Tapeten oder Kunstwerken<\/li><li>Chrom &amp; Glas: Hochglanz-M\u00f6bel, Couchtische mit Glasplatten<\/li><li>Statement-Farben: Smaragdgr\u00fcn, Tiefblau oder Burgunderrot als Akzente<\/li><\/ul><p><strong>Der 2025-Twist:<\/strong> Edle, gedeckte Farben und hochwertige Materialien machen den Glamour dezenter, aber eleganter.<\/p>\t\t\t\t\t<\/div>\n\t\t\t\t\t\t<\/div>\n\t\t\t\t<\/div>\n\t\t\t\t\t\t<\/div>\n\t\t\t\t\t<\/div>\n\t\t<\/div>\n\t\t\t\t\t\t\t\t<\/div>\n\t\t\t\t\t<\/div>\n\t\t<\/section>\n\t\t\t\t\t\t<\/div>\n\t\t\t\t\t<\/div>\n\t\t<\/div>\n\t\t\t\t\t\t\t\t<\/div>\n\t\t\t\t\t<\/div>\n\t\t<\/section>\n\t\t\t\t<section class=\"elementor-section elementor-top-section elementor-element elementor-element-3fbf362 elementor-section-boxed elementor-section-height-default elementor-section-height-default\" data-id=\"3fbf362\" data-element_type=\"section\">\n\t\t\t\t\t\t<div class=\"elementor-container elementor-column-gap-default\">\n\t\t\t\t\t\t\t<div class=\"elementor-row\">\n\t\t\t\t\t<div class=\"elementor-column elementor-col-100 elementor-top-column elementor-element elementor-element-2fee576c\" data-id=\"2fee576c\" data-element_type=\"column\">\n\t\t\t<div class=\"elementor-column-wrap elementor-element-populated\">\n\t\t\t\t\t\t\t<div class=\"elementor-widget-wrap\">\n\t\t\t\t\t\t<section class=\"elementor-section elementor-inner-section elementor-element elementor-element-2a0d3d62 elementor-reverse-mobile elementor-section-boxed elementor-section-height-default elementor-section-height-default\" data-id=\"2a0d3d62\" data-element_type=\"section\">\n\t\t\t\t\t\t<div class=\"elementor-container elementor-column-gap-default\">\n\t\t\t\t\t\t\t<div class=\"elementor-row\">\n\t\t\t\t\t<div class=\"elementor-column elementor-col-50 elementor-inner-column elementor-element elementor-element-7a8552c\" data-id=\"7a8552c\" data-element_type=\"column\">\n\t\t\t<div class=\"elementor-column-wrap elementor-element-populated\">\n\t\t\t\t\t\t\t<div class=\"elementor-widget-wrap\">\n\t\t\t\t\t\t<div class=\"elementor-element elementor-element-4bfc74ac elementor-widget elementor-widget-heading\" data-id=\"4bfc74ac\" data-element_type=\"widget\" data-widget_type=\"heading.default\">\n\t\t\t\t<div class=\"elementor-widget-container\">\n\t\t\t<h4 class=\"elementor-heading-title elementor-size-large\">Cocooning auf Sylt \u2013 Ihr Zuhause als Wohlf\u00fchlort<\/h4>\t\t<\/div>\n\t\t\t\t<\/div>\n\t\t\t\t<div class=\"elementor-element elementor-element-5c09a6eb elementor-widget elementor-widget-text-editor\" data-id=\"5c09a6eb\" data-element_type=\"widget\" data-widget_type=\"text-editor.default\">\n\t\t\t\t<div class=\"elementor-widget-container\">\n\t\t\t\t\t\t\t\t<div class=\"elementor-text-editor elementor-clearfix\">\n\t\t\t\t<p>Nach einem langen Spaziergang am Strand oder einem Sundowner am Strand m\u00f6chten Sie nach Hause kommen und sich wohl f\u00fchlen. &#8222;Cocooning&#8220; \u2013 das bewusste Zur\u00fcckziehen ins eigene Zuhause \u2013 bleibt 2025 ein wichtiger Wohntrend.<\/p><h3>Materialien mit Seele: Von Kaschmir bis Naturstein<\/h3><p>Das Zuhause wird als R\u00fcckzugsort gestaltet, der Komfort und Entspannung bietet. Die Haptik von Materialien gewinnt an Bedeutung. Ein spannender Mix aus verschiedenen Texturen wie rauem Holz, weichem Samt und k\u00fchlem Metall schafft ein sinnliches Erlebnis.<\/p><h3>Licht, Stoffe, W\u00e4rme \u2013 So gestalten Sie Ihre R\u00fcckzugsoase<\/h3><p><strong>Trend-Tipps:<\/strong><\/p><ul><li>Sanfte Lichtkonzepte: Dimmbare LED-Leuchten f\u00fcr Wohlf\u00fchlatmosph\u00e4re<\/li><li>Softe Stoffe: Kaschmir-Decken, weiche Wollteppiche und Leinen<\/li><li>Gem\u00fctliche Leseecken: Ein Ohrensessel mit Blick auf die D\u00fcnen oder ein traditioneller Kachelofen<\/li><\/ul>\t\t\t\t\t<\/div>\n\t\t\t\t\t\t<\/div>\n\t\t\t\t<\/div>\n\t\t\t\t\t\t<\/div>\n\t\t\t\t\t<\/div>\n\t\t<\/div>\n\t\t\t\t<div class=\"elementor-column elementor-col-50 elementor-inner-column elementor-element elementor-element-56f314ad\" data-id=\"56f314ad\" data-element_type=\"column\">\n\t\t\t<div class=\"elementor-column-wrap elementor-element-populated\">\n\t\t\t\t\t\t\t<div class=\"elementor-widget-wrap\">\n\t\t\t\t\t\t<div class=\"elementor-element elementor-element-6d654c20 dce_masking-none elementor-widget elementor-widget-image\" data-id=\"6d654c20\" data-element_type=\"widget\" data-widget_type=\"image.default\">\n\t\t\t\t<div class=\"elementor-widget-container\">\n\t\t\t\t\t\t\t\t<div class=\"elementor-image\">\n\t\t\t\t\t\t\t\t\t\t\t\t<img loading=\"lazy\" decoding=\"async\" width=\"700\" height=\"525\" src=\"https:\/\/www.koenig-sylt.de\/immobilien\/wp-content\/uploads\/2025\/03\/shutterstock_2557522879-700x525.jpg\" class=\"attachment-large size-large\" alt=\"Wohntrends 2025: Stil &amp; Sylter Seele - Schlafzimmer\" srcset=\"https:\/\/www.koenig-sylt.de\/immobilien\/wp-content\/uploads\/2025\/03\/shutterstock_2557522879-700x525.jpg 700w, https:\/\/www.koenig-sylt.de\/immobilien\/wp-content\/uploads\/2025\/03\/shutterstock_2557522879-250x188.jpg 250w, https:\/\/www.koenig-sylt.de\/immobilien\/wp-content\/uploads\/2025\/03\/shutterstock_2557522879-768x576.jpg 768w, https:\/\/www.koenig-sylt.de\/immobilien\/wp-content\/uploads\/2025\/03\/shutterstock_2557522879-1536x1152.jpg 1536w, https:\/\/www.koenig-sylt.de\/immobilien\/wp-content\/uploads\/2025\/03\/shutterstock_2557522879-2048x1536.jpg 2048w, https:\/\/www.koenig-sylt.de\/immobilien\/wp-content\/uploads\/2025\/03\/shutterstock_2557522879-120x90.jpg 120w\" sizes=\"auto, (max-width: 700px) 100vw, 700px\" \/>\t\t\t\t\t\t\t\t\t\t\t\t\t\t<\/div>\n\t\t\t\t\t\t<\/div>\n\t\t\t\t<\/div>\n\t\t\t\t\t\t<\/div>\n\t\t\t\t\t<\/div>\n\t\t<\/div>\n\t\t\t\t\t\t\t\t<\/div>\n\t\t\t\t\t<\/div>\n\t\t<\/section>\n\t\t\t\t<div class=\"elementor-element elementor-element-50f299b elementor-widget elementor-widget-heading\" data-id=\"50f299b\" data-element_type=\"widget\" data-widget_type=\"heading.default\">\n\t\t\t\t<div class=\"elementor-widget-container\">\n\t\t\t<h4 class=\"elementor-heading-title elementor-size-large\">Sylter Wohntr\u00e4ume 2025 \u2013 Zwischen Moderne, Erinnerung und Naturverbundenheit<\/h4>\t\t<\/div>\n\t\t\t\t<\/div>\n\t\t\t\t<div class=\"elementor-element elementor-element-cf0e252 elementor-widget elementor-widget-text-editor\" data-id=\"cf0e252\" data-element_type=\"widget\" data-widget_type=\"text-editor.default\">\n\t\t\t\t<div class=\"elementor-widget-container\">\n\t\t\t\t\t\t\t\t<div class=\"elementor-text-editor elementor-clearfix\">\n\t\t\t\t<p>Die Wohntrends 2025 laden dazu ein, Ihr Zuhause in eine stilvolle Oase zu verwandeln \u2013 ob durch die Eleganz vergangener Jahrzehnte, durch nachhaltige Materialien oder durch wohltuendes Cocooning. Besonders auf Sylt entfalten diese Trends ihre volle Wirkung \u2013 in einem Friesenhaus mit Reetdach, einem Strandhaus mit D\u00fcnenblick oder einer charmanten Ferienimmobilie. Lust auf neues Wohnen auf Sylt? <a href=\"https:\/\/www.koenig-sylt.de\/immobilien\/immobiliensuche-auf-sylt\/\">Lassen Sie sich inspirieren und finden Ihr pers\u00f6nliches Inseldomizil.<\/a><\/p>\t\t\t\t\t<\/div>\n\t\t\t\t\t\t<\/div>\n\t\t\t\t<\/div>\n\t\t\t\t<div class=\"elementor-element elementor-element-6534d918 elementor-widget elementor-widget-text-editor\" data-id=\"6534d918\" data-element_type=\"widget\" data-widget_type=\"text-editor.default\">\n\t\t\t\t<div class=\"elementor-widget-container\">\n\t\t\t\t\t\t\t\t<div class=\"elementor-text-editor elementor-clearfix\">\n\t\t\t\t<p><span style=\"font-size: 10.5px; white-space: pre-wrap;\">Fotos: \u00a9 shutterstock<\/span><\/p>\t\t\t\t\t<\/div>\n\t\t\t\t\t\t<\/div>\n\t\t\t\t<\/div>\n\t\t\t\t\t\t<\/div>\n\t\t\t\t\t<\/div>\n\t\t<\/div>\n\t\t\t\t\t\t\t\t<\/div>\n\t\t\t\t\t<\/div>\n\t\t<\/section>\n\t\t\t\t\t\t\t\t\t<\/div>\n\t\t\t<\/div>\n\t\t\t\t\t<\/div>\n\t\t","protected":false},"excerpt":{"rendered":"Im Jahr 2025 erleben Sie in der Welt des Wohnens und Einrichtens eine spannende Symbiose aus [&hellip;]","protected":false},"author":11,"featured_media":15418,"comment_status":"open","ping_status":"open","sticky":false,"template":"","format":"standard","meta":{"footnotes":""},"categories":[6,1],"tags":[45],"class_list":["post-15413","post","type-post","status-publish","format-standard","has-post-thumbnail","hentry","category-startseite","category-uncategorized","tag-einrichtung"],"acf":[],"yoast_head":"<!-- This site is optimized with the Yoast SEO plugin v27.3 - https:\/\/yoast.com\/product\/yoast-seo-wordpress\/ -->\n<title>Wohntrends 2025: Stil &amp; Sylter Seele - K\u00f6nig Immobilien<\/title>\n<meta name=\"description\" content=\"Entdecken Sie die Wohntrends 2025 \u2013 von Retro-Design bis Naturmaterialien \u2013 und wie sie perfekt zu einem stilvollen Zuhause auf Sylt passen.\" \/>\n<meta name=\"robots\" content=\"index, follow, max-snippet:-1, max-image-preview:large, max-video-preview:-1\" \/>\n<link rel=\"canonical\" href=\"https:\/\/www.koenig-sylt.de\/immobilien\/?p=15413\" \/>\n<meta property=\"og:locale\" content=\"de_DE\" \/>\n<meta property=\"og:type\" content=\"article\" \/>\n<meta property=\"og:title\" content=\"Wohntrends 2025: Stil &amp; Sylter Seele - K\u00f6nig Immobilien\" \/>\n<meta property=\"og:description\" content=\"Entdecken Sie die Wohntrends 2025 \u2013 von Retro-Design bis Naturmaterialien \u2013 und wie sie perfekt zu einem stilvollen Zuhause auf Sylt passen.\" \/>\n<meta property=\"og:url\" content=\"https:\/\/www.koenig-sylt.de\/immobilien\/?p=15413\" \/>\n<meta property=\"og:site_name\" content=\"K\u00f6nig Immobilien\" \/>\n<meta property=\"article:published_time\" content=\"2025-04-03T09:50:00+00:00\" \/>\n<meta property=\"og:image\" content=\"https:\/\/www.koenig-sylt.de\/immobilien\/wp-content\/uploads\/2025\/03\/shutterstock_2554783907-scaled.jpg\" \/>\n\t<meta property=\"og:image:width\" content=\"2560\" \/>\n\t<meta property=\"og:image:height\" content=\"1707\" \/>\n\t<meta property=\"og:image:type\" content=\"image\/jpeg\" \/>\n<meta name=\"author\" content=\"Heike Maselkowski\" \/>\n<meta name=\"twitter:card\" content=\"summary_large_image\" \/>\n<meta name=\"twitter:label1\" content=\"Geschrieben von\" \/>\n\t<meta name=\"twitter:data1\" content=\"Heike Maselkowski\" \/>\n\t<meta name=\"twitter:label2\" content=\"Gesch\u00e4tzte Lesezeit\" \/>\n\t<meta name=\"twitter:data2\" content=\"5\u00a0Minuten\" \/>\n<script type=\"application\/ld+json\" class=\"yoast-schema-graph\">{\"@context\":\"https:\\\/\\\/schema.org\",\"@graph\":[{\"@type\":\"Article\",\"@id\":\"https:\\\/\\\/www.koenig-sylt.de\\\/immobilien\\\/?p=15413#article\",\"isPartOf\":{\"@id\":\"https:\\\/\\\/www.koenig-sylt.de\\\/immobilien\\\/?p=15413\"},\"author\":{\"name\":\"Heike Maselkowski\",\"@id\":\"https:\\\/\\\/www.koenig-sylt.de\\\/immobilien\\\/#\\\/schema\\\/person\\\/478f0d02a921d14447e56d794f1e8430\"},\"headline\":\"Wohntrends 2025: Stil &#038; Sylter Seele\",\"datePublished\":\"2025-04-03T09:50:00+00:00\",\"mainEntityOfPage\":{\"@id\":\"https:\\\/\\\/www.koenig-sylt.de\\\/immobilien\\\/?p=15413\"},\"wordCount\":755,\"commentCount\":0,\"publisher\":{\"@id\":\"https:\\\/\\\/www.koenig-sylt.de\\\/immobilien\\\/#organization\"},\"image\":{\"@id\":\"https:\\\/\\\/www.koenig-sylt.de\\\/immobilien\\\/?p=15413#primaryimage\"},\"thumbnailUrl\":\"https:\\\/\\\/www.koenig-sylt.de\\\/immobilien\\\/wp-content\\\/uploads\\\/2025\\\/03\\\/shutterstock_2554783907-scaled.jpg\",\"keywords\":[\"Einrichtung\"],\"articleSection\":[\"Startseite\",\"Uncategorized\"],\"inLanguage\":\"de\",\"potentialAction\":[{\"@type\":\"CommentAction\",\"name\":\"Comment\",\"target\":[\"https:\\\/\\\/www.koenig-sylt.de\\\/immobilien\\\/?p=15413#respond\"]}]},{\"@type\":\"WebPage\",\"@id\":\"https:\\\/\\\/www.koenig-sylt.de\\\/immobilien\\\/?p=15413\",\"url\":\"https:\\\/\\\/www.koenig-sylt.de\\\/immobilien\\\/?p=15413\",\"name\":\"Wohntrends 2025: Stil & Sylter Seele - K\u00f6nig Immobilien\",\"isPartOf\":{\"@id\":\"https:\\\/\\\/www.koenig-sylt.de\\\/immobilien\\\/#website\"},\"primaryImageOfPage\":{\"@id\":\"https:\\\/\\\/www.koenig-sylt.de\\\/immobilien\\\/?p=15413#primaryimage\"},\"image\":{\"@id\":\"https:\\\/\\\/www.koenig-sylt.de\\\/immobilien\\\/?p=15413#primaryimage\"},\"thumbnailUrl\":\"https:\\\/\\\/www.koenig-sylt.de\\\/immobilien\\\/wp-content\\\/uploads\\\/2025\\\/03\\\/shutterstock_2554783907-scaled.jpg\",\"datePublished\":\"2025-04-03T09:50:00+00:00\",\"description\":\"Entdecken Sie die Wohntrends 2025 \u2013 von Retro-Design bis Naturmaterialien \u2013 und wie sie perfekt zu einem stilvollen Zuhause auf Sylt passen.\",\"breadcrumb\":{\"@id\":\"https:\\\/\\\/www.koenig-sylt.de\\\/immobilien\\\/?p=15413#breadcrumb\"},\"inLanguage\":\"de\",\"potentialAction\":[{\"@type\":\"ReadAction\",\"target\":[\"https:\\\/\\\/www.koenig-sylt.de\\\/immobilien\\\/?p=15413\"]}]},{\"@type\":\"ImageObject\",\"inLanguage\":\"de\",\"@id\":\"https:\\\/\\\/www.koenig-sylt.de\\\/immobilien\\\/?p=15413#primaryimage\",\"url\":\"https:\\\/\\\/www.koenig-sylt.de\\\/immobilien\\\/wp-content\\\/uploads\\\/2025\\\/03\\\/shutterstock_2554783907-scaled.jpg\",\"contentUrl\":\"https:\\\/\\\/www.koenig-sylt.de\\\/immobilien\\\/wp-content\\\/uploads\\\/2025\\\/03\\\/shutterstock_2554783907-scaled.jpg\",\"width\":2560,\"height\":1707,\"caption\":\"Farbmuster in Braun und Graut\u00f6nen\"},{\"@type\":\"BreadcrumbList\",\"@id\":\"https:\\\/\\\/www.koenig-sylt.de\\\/immobilien\\\/?p=15413#breadcrumb\",\"itemListElement\":[{\"@type\":\"ListItem\",\"position\":1,\"name\":\"Startseite\",\"item\":\"https:\\\/\\\/www.koenig-sylt.de\\\/immobilien\\\/\"},{\"@type\":\"ListItem\",\"position\":2,\"name\":\"Wohntrends 2025: Stil &#038; Sylter Seele\"}]},{\"@type\":\"WebSite\",\"@id\":\"https:\\\/\\\/www.koenig-sylt.de\\\/immobilien\\\/#website\",\"url\":\"https:\\\/\\\/www.koenig-sylt.de\\\/immobilien\\\/\",\"name\":\"K\u00f6nig Immobilien\",\"description\":\"Immobilienmakler Sylt\",\"publisher\":{\"@id\":\"https:\\\/\\\/www.koenig-sylt.de\\\/immobilien\\\/#organization\"},\"potentialAction\":[{\"@type\":\"SearchAction\",\"target\":{\"@type\":\"EntryPoint\",\"urlTemplate\":\"https:\\\/\\\/www.koenig-sylt.de\\\/immobilien\\\/?s={search_term_string}\"},\"query-input\":{\"@type\":\"PropertyValueSpecification\",\"valueRequired\":true,\"valueName\":\"search_term_string\"}}],\"inLanguage\":\"de\"},{\"@type\":\"Organization\",\"@id\":\"https:\\\/\\\/www.koenig-sylt.de\\\/immobilien\\\/#organization\",\"name\":\"K\u00f6nig Immobilien\",\"url\":\"https:\\\/\\\/www.koenig-sylt.de\\\/immobilien\\\/\",\"logo\":{\"@type\":\"ImageObject\",\"inLanguage\":\"de\",\"@id\":\"https:\\\/\\\/www.koenig-sylt.de\\\/immobilien\\\/#\\\/schema\\\/logo\\\/image\\\/\",\"url\":\"https:\\\/\\\/www.koenig-sylt.de\\\/immobilien\\\/wp-content\\\/uploads\\\/2025\\\/11\\\/KOE_Immobilien_Logo_quer_RGB.png\",\"contentUrl\":\"https:\\\/\\\/www.koenig-sylt.de\\\/immobilien\\\/wp-content\\\/uploads\\\/2025\\\/11\\\/KOE_Immobilien_Logo_quer_RGB.png\",\"width\":57,\"height\":57,\"caption\":\"K\u00f6nig Immobilien\"},\"image\":{\"@id\":\"https:\\\/\\\/www.koenig-sylt.de\\\/immobilien\\\/#\\\/schema\\\/logo\\\/image\\\/\"}},{\"@type\":\"Person\",\"@id\":\"https:\\\/\\\/www.koenig-sylt.de\\\/immobilien\\\/#\\\/schema\\\/person\\\/478f0d02a921d14447e56d794f1e8430\",\"name\":\"Heike Maselkowski\"}]}<\/script>\n<!-- \/ Yoast SEO plugin. -->","yoast_head_json":{"title":"Wohntrends 2025: Stil & Sylter Seele - K\u00f6nig Immobilien","description":"Entdecken Sie die Wohntrends 2025 \u2013 von Retro-Design bis Naturmaterialien \u2013 und wie sie perfekt zu einem stilvollen Zuhause auf Sylt passen.","robots":{"index":"index","follow":"follow","max-snippet":"max-snippet:-1","max-image-preview":"max-image-preview:large","max-video-preview":"max-video-preview:-1"},"canonical":"https:\/\/www.koenig-sylt.de\/immobilien\/?p=15413","og_locale":"de_DE","og_type":"article","og_title":"Wohntrends 2025: Stil & Sylter Seele - K\u00f6nig Immobilien","og_description":"Entdecken Sie die Wohntrends 2025 \u2013 von Retro-Design bis Naturmaterialien \u2013 und wie sie perfekt zu einem stilvollen Zuhause auf Sylt passen.","og_url":"https:\/\/www.koenig-sylt.de\/immobilien\/?p=15413","og_site_name":"K\u00f6nig Immobilien","article_published_time":"2025-04-03T09:50:00+00:00","og_image":[{"width":2560,"height":1707,"url":"https:\/\/www.koenig-sylt.de\/immobilien\/wp-content\/uploads\/2025\/03\/shutterstock_2554783907-scaled.jpg","type":"image\/jpeg"}],"author":"Heike Maselkowski","twitter_card":"summary_large_image","twitter_misc":{"Geschrieben von":"Heike Maselkowski","Gesch\u00e4tzte Lesezeit":"5\u00a0Minuten"},"schema":{"@context":"https:\/\/schema.org","@graph":[{"@type":"Article","@id":"https:\/\/www.koenig-sylt.de\/immobilien\/?p=15413#article","isPartOf":{"@id":"https:\/\/www.koenig-sylt.de\/immobilien\/?p=15413"},"author":{"name":"Heike Maselkowski","@id":"https:\/\/www.koenig-sylt.de\/immobilien\/#\/schema\/person\/478f0d02a921d14447e56d794f1e8430"},"headline":"Wohntrends 2025: Stil &#038; Sylter Seele","datePublished":"2025-04-03T09:50:00+00:00","mainEntityOfPage":{"@id":"https:\/\/www.koenig-sylt.de\/immobilien\/?p=15413"},"wordCount":755,"commentCount":0,"publisher":{"@id":"https:\/\/www.koenig-sylt.de\/immobilien\/#organization"},"image":{"@id":"https:\/\/www.koenig-sylt.de\/immobilien\/?p=15413#primaryimage"},"thumbnailUrl":"https:\/\/www.koenig-sylt.de\/immobilien\/wp-content\/uploads\/2025\/03\/shutterstock_2554783907-scaled.jpg","keywords":["Einrichtung"],"articleSection":["Startseite","Uncategorized"],"inLanguage":"de","potentialAction":[{"@type":"CommentAction","name":"Comment","target":["https:\/\/www.koenig-sylt.de\/immobilien\/?p=15413#respond"]}]},{"@type":"WebPage","@id":"https:\/\/www.koenig-sylt.de\/immobilien\/?p=15413","url":"https:\/\/www.koenig-sylt.de\/immobilien\/?p=15413","name":"Wohntrends 2025: Stil & Sylter Seele - K\u00f6nig Immobilien","isPartOf":{"@id":"https:\/\/www.koenig-sylt.de\/immobilien\/#website"},"primaryImageOfPage":{"@id":"https:\/\/www.koenig-sylt.de\/immobilien\/?p=15413#primaryimage"},"image":{"@id":"https:\/\/www.koenig-sylt.de\/immobilien\/?p=15413#primaryimage"},"thumbnailUrl":"https:\/\/www.koenig-sylt.de\/immobilien\/wp-content\/uploads\/2025\/03\/shutterstock_2554783907-scaled.jpg","datePublished":"2025-04-03T09:50:00+00:00","description":"Entdecken Sie die Wohntrends 2025 \u2013 von Retro-Design bis Naturmaterialien \u2013 und wie sie perfekt zu einem stilvollen Zuhause auf Sylt passen.","breadcrumb":{"@id":"https:\/\/www.koenig-sylt.de\/immobilien\/?p=15413#breadcrumb"},"inLanguage":"de","potentialAction":[{"@type":"ReadAction","target":["https:\/\/www.koenig-sylt.de\/immobilien\/?p=15413"]}]},{"@type":"ImageObject","inLanguage":"de","@id":"https:\/\/www.koenig-sylt.de\/immobilien\/?p=15413#primaryimage","url":"https:\/\/www.koenig-sylt.de\/immobilien\/wp-content\/uploads\/2025\/03\/shutterstock_2554783907-scaled.jpg","contentUrl":"https:\/\/www.koenig-sylt.de\/immobilien\/wp-content\/uploads\/2025\/03\/shutterstock_2554783907-scaled.jpg","width":2560,"height":1707,"caption":"Farbmuster in Braun und Graut\u00f6nen"},{"@type":"BreadcrumbList","@id":"https:\/\/www.koenig-sylt.de\/immobilien\/?p=15413#breadcrumb","itemListElement":[{"@type":"ListItem","position":1,"name":"Startseite","item":"https:\/\/www.koenig-sylt.de\/immobilien\/"},{"@type":"ListItem","position":2,"name":"Wohntrends 2025: Stil &#038; Sylter Seele"}]},{"@type":"WebSite","@id":"https:\/\/www.koenig-sylt.de\/immobilien\/#website","url":"https:\/\/www.koenig-sylt.de\/immobilien\/","name":"K\u00f6nig Immobilien","description":"Immobilienmakler Sylt","publisher":{"@id":"https:\/\/www.koenig-sylt.de\/immobilien\/#organization"},"potentialAction":[{"@type":"SearchAction","target":{"@type":"EntryPoint","urlTemplate":"https:\/\/www.koenig-sylt.de\/immobilien\/?s={search_term_string}"},"query-input":{"@type":"PropertyValueSpecification","valueRequired":true,"valueName":"search_term_string"}}],"inLanguage":"de"},{"@type":"Organization","@id":"https:\/\/www.koenig-sylt.de\/immobilien\/#organization","name":"K\u00f6nig Immobilien","url":"https:\/\/www.koenig-sylt.de\/immobilien\/","logo":{"@type":"ImageObject","inLanguage":"de","@id":"https:\/\/www.koenig-sylt.de\/immobilien\/#\/schema\/logo\/image\/","url":"https:\/\/www.koenig-sylt.de\/immobilien\/wp-content\/uploads\/2025\/11\/KOE_Immobilien_Logo_quer_RGB.png","contentUrl":"https:\/\/www.koenig-sylt.de\/immobilien\/wp-content\/uploads\/2025\/11\/KOE_Immobilien_Logo_quer_RGB.png","width":57,"height":57,"caption":"K\u00f6nig Immobilien"},"image":{"@id":"https:\/\/www.koenig-sylt.de\/immobilien\/#\/schema\/logo\/image\/"}},{"@type":"Person","@id":"https:\/\/www.koenig-sylt.de\/immobilien\/#\/schema\/person\/478f0d02a921d14447e56d794f1e8430","name":"Heike Maselkowski"}]}},"_links":{"self":[{"href":"https:\/\/www.koenig-sylt.de\/immobilien\/wp-json\/wp\/v2\/posts\/15413","targetHints":{"allow":["GET"]}}],"collection":[{"href":"https:\/\/www.koenig-sylt.de\/immobilien\/wp-json\/wp\/v2\/posts"}],"about":[{"href":"https:\/\/www.koenig-sylt.de\/immobilien\/wp-json\/wp\/v2\/types\/post"}],"author":[{"embeddable":true,"href":"https:\/\/www.koenig-sylt.de\/immobilien\/wp-json\/wp\/v2\/users\/11"}],"replies":[{"embeddable":true,"href":"https:\/\/www.koenig-sylt.de\/immobilien\/wp-json\/wp\/v2\/comments?post=15413"}],"version-history":[{"count":27,"href":"https:\/\/www.koenig-sylt.de\/immobilien\/wp-json\/wp\/v2\/posts\/15413\/revisions"}],"predecessor-version":[{"id":15447,"href":"https:\/\/www.koenig-sylt.de\/immobilien\/wp-json\/wp\/v2\/posts\/15413\/revisions\/15447"}],"wp:featuredmedia":[{"embeddable":true,"href":"https:\/\/www.koenig-sylt.de\/immobilien\/wp-json\/wp\/v2\/media\/15418"}],"wp:attachment":[{"href":"https:\/\/www.koenig-sylt.de\/immobilien\/wp-json\/wp\/v2\/media?parent=15413"}],"wp:term":[{"taxonomy":"category","embeddable":true,"href":"https:\/\/www.koenig-sylt.de\/immobilien\/wp-json\/wp\/v2\/categories?post=15413"},{"taxonomy":"post_tag","embeddable":true,"href":"https:\/\/www.koenig-sylt.de\/immobilien\/wp-json\/wp\/v2\/tags?post=15413"}],"curies":[{"name":"wp","href":"https:\/\/api.w.org\/{rel}","templated":true}]}}