{"id":15599,"date":"2025-09-09T10:00:00","date_gmt":"2025-09-09T08:00:00","guid":{"rendered":"https:\/\/www.koenig-sylt.de\/immobilien\/?p=15599"},"modified":"2026-01-15T08:39:45","modified_gmt":"2026-01-15T07:39:45","slug":"gesichter-von-koenig-immobilien-tammy-fuersch","status":"publish","type":"post","link":"https:\/\/www.koenig-sylt.de\/immobilien\/gesichter-von-koenig-immobilien-tammy-fuersch\/","title":{"rendered":"Gesichter von K\u00f6nig Immobilien: Tammy F\u00fcrsch"},"content":{"rendered":"\t\t<div data-elementor-type=\"wp-post\" data-elementor-id=\"15599\" data-post-id=\"15599\" data-obj-id=\"15599\" class=\"elementor elementor-15599 dce-elementor-post-15599\">\n\t\t\t\t\t\t<div class=\"elementor-inner\">\n\t\t\t\t<div class=\"elementor-section-wrap\">\n\t\t\t\t\t\t\t\t\t<section class=\"elementor-section elementor-top-section elementor-element elementor-element-3fc5a03c elementor-section-boxed elementor-section-height-default elementor-section-height-default\" data-id=\"3fc5a03c\" data-element_type=\"section\">\n\t\t\t\t\t\t<div class=\"elementor-container elementor-column-gap-default\">\n\t\t\t\t\t\t\t<div class=\"elementor-row\">\n\t\t\t\t\t<div class=\"elementor-column elementor-col-100 elementor-top-column elementor-element elementor-element-1e8f5dcf\" data-id=\"1e8f5dcf\" data-element_type=\"column\">\n\t\t\t<div class=\"elementor-column-wrap elementor-element-populated\">\n\t\t\t\t\t\t\t<div class=\"elementor-widget-wrap\">\n\t\t\t\t\t\t<div class=\"elementor-element elementor-element-4cb6255 elementor-widget elementor-widget-text-editor\" data-id=\"4cb6255\" data-element_type=\"widget\" data-widget_type=\"text-editor.default\">\n\t\t\t\t<div class=\"elementor-widget-container\">\n\t\t\t\t\t\t\t\t<div class=\"elementor-text-editor elementor-clearfix\">\n\t\t\t\t<p>Wer sind die Menschen hinter K\u00f6nig Immobilien? Was treibt sie an, und warum haben sie sich f\u00fcr die Immobilienbranche entschieden? In unserer Serie stellen wir Ihnen die Gesichter von K\u00f6nig Immobilien vor. Heute: Tammy F\u00fcrsch.<\/p>\t\t\t\t\t<\/div>\n\t\t\t\t\t\t<\/div>\n\t\t\t\t<\/div>\n\t\t\t\t\t\t<\/div>\n\t\t\t\t\t<\/div>\n\t\t<\/div>\n\t\t\t\t\t\t\t\t<\/div>\n\t\t\t\t\t<\/div>\n\t\t<\/section>\n\t\t\t\t<section class=\"elementor-section elementor-top-section elementor-element elementor-element-62606ccb elementor-section-content-top elementor-section-boxed elementor-section-height-default elementor-section-height-default\" data-id=\"62606ccb\" data-element_type=\"section\">\n\t\t\t\t\t\t<div class=\"elementor-container elementor-column-gap-default\">\n\t\t\t\t\t\t\t<div class=\"elementor-row\">\n\t\t\t\t\t<div class=\"elementor-column elementor-col-100 elementor-top-column elementor-element elementor-element-7dbd287d\" data-id=\"7dbd287d\" data-element_type=\"column\">\n\t\t\t<div class=\"elementor-column-wrap elementor-element-populated\">\n\t\t\t\t\t\t\t<div class=\"elementor-widget-wrap\">\n\t\t\t\t\t\t<section class=\"elementor-section elementor-inner-section elementor-element elementor-element-5bd4491d elementor-section-content-top elementor-section-boxed elementor-section-height-default elementor-section-height-default\" data-id=\"5bd4491d\" data-element_type=\"section\">\n\t\t\t\t\t\t<div class=\"elementor-container elementor-column-gap-default\">\n\t\t\t\t\t\t\t<div class=\"elementor-row\">\n\t\t\t\t\t<div class=\"elementor-column elementor-col-50 elementor-inner-column elementor-element elementor-element-6867fd92\" data-id=\"6867fd92\" data-element_type=\"column\">\n\t\t\t<div class=\"elementor-column-wrap elementor-element-populated\">\n\t\t\t\t\t\t\t<div class=\"elementor-widget-wrap\">\n\t\t\t\t\t\t<div class=\"elementor-element elementor-element-2c2be10 elementor-widget elementor-widget-text-editor\" data-id=\"2c2be10\" data-element_type=\"widget\" data-widget_type=\"text-editor.default\">\n\t\t\t\t<div class=\"elementor-widget-container\">\n\t\t\t\t\t\t\t\t<div class=\"elementor-text-editor elementor-clearfix\">\n\t\t\t\t<p>Ein Jahr lang rund um den Globus reisen, um dann auf Sylt ein neues Zuhause zu finden: F\u00fcr die geb\u00fcrtige W\u00fcrzburgerin\u00a0Tammy F\u00fcrsch\u00a0ist Sylt Traumziel und Wahlheimat zugleich.<\/p><p>Seit einem Jahr unterst\u00fctzt die ausgebildete Immobilienmaklerin das Team von\u00a0K\u00f6nig Sylt. Sie begleitet Kunden vom ersten Anruf bis zur Schl\u00fcssel\u00fcbergabe \u2013 beim Erwerb einer Immobilie auf Deutschlands n\u00f6rdlichster Insel. Professionalit\u00e4t und Liebe zum Detail zeichnen Tammy ebenso aus wie ihre offene Art und Begeisterungsf\u00e4higkeit.<\/p>\t\t\t\t\t<\/div>\n\t\t\t\t\t\t<\/div>\n\t\t\t\t<\/div>\n\t\t\t\t<div class=\"elementor-element elementor-element-5f911d68 elementor-widget elementor-widget-heading\" data-id=\"5f911d68\" data-element_type=\"widget\" data-widget_type=\"heading.default\">\n\t\t\t\t<div class=\"elementor-widget-container\">\n\t\t\t<h4 class=\"elementor-heading-title elementor-size-large\">Aus dem wei\u00dfen Kittel an den Nordseestrand<\/h4>\t\t<\/div>\n\t\t\t\t<\/div>\n\t\t\t\t<div class=\"elementor-element elementor-element-52172053 elementor-widget elementor-widget-text-editor\" data-id=\"52172053\" data-element_type=\"widget\" data-widget_type=\"text-editor.default\">\n\t\t\t\t<div class=\"elementor-widget-container\">\n\t\t\t\t\t\t\t\t<div class=\"elementor-text-editor elementor-clearfix\">\n\t\t\t\t<p>Tammy begann ihre Karriere als\u00a0Medizinische Fachangestellte (MFA)\u00a0an der Uniklinik W\u00fcrzburg. Dort arbeitete sie f\u00fcnf Jahre in einem eingespielten Team. Verantwortungsbewusstsein und Genauigkeit geh\u00f6rten zum Alltag \u2013 F\u00e4higkeiten, die sie heute in der Immobilienbranche einsetzt.<\/p><p>Doch irgendwann stellte sie sich die Frage, ob dieser Weg auf Dauer das Richtige sei. \u201eIch gehe den Dingen gerne auf den Grund\u201c, sagt Tammy. \u201eAber ich hatte Zweifel, ob dieser Beruf genug Entwicklungspotenzial bietet.\u201c<\/p>\t\t\t\t\t<\/div>\n\t\t\t\t\t\t<\/div>\n\t\t\t\t<\/div>\n\t\t\t\t<div class=\"elementor-element elementor-element-16cb595 elementor-widget elementor-widget-heading\" data-id=\"16cb595\" data-element_type=\"widget\" data-widget_type=\"heading.default\">\n\t\t\t\t<div class=\"elementor-widget-container\">\n\t\t\t<h4 class=\"elementor-heading-title elementor-size-default\">Raus in die weite Welt<\/h4>\t\t<\/div>\n\t\t\t\t<\/div>\n\t\t\t\t<div class=\"elementor-element elementor-element-9f6482e elementor-widget elementor-widget-text-editor\" data-id=\"9f6482e\" data-element_type=\"widget\" data-widget_type=\"text-editor.default\">\n\t\t\t\t<div class=\"elementor-widget-container\">\n\t\t\t\t\t\t\t\t<div class=\"elementor-text-editor elementor-clearfix\">\n\t\t\t\t<p>2018 nahm Tammy ein Sabbatical und erf\u00fcllte sich einen Traum: eine Reise um die Welt. Stationen waren die USA, Hawaii, Australien, Neuseeland und die Fidschi-Inseln. Die Reise brachte Klarheit: \u201eAb da wusste ich, dass ich nicht zur\u00fcck in die Klinik gehen w\u00fcrde.\u201c<\/p><p>Immobilien waren f\u00fcr Tammy kein Neuland. \u201eMeine Eltern besitzen Immobilien in Kroatien. Das Thema hat mich von klein auf begleitet.\u201c Nach der Ausbildung zur Immobilienmaklerin folgten vier Jahre Berufserfahrung im Raum K\u00f6ln und Bergisch Gladbach.<\/p>\t\t\t\t\t<\/div>\n\t\t\t\t\t\t<\/div>\n\t\t\t\t<\/div>\n\t\t\t\t\t\t<\/div>\n\t\t\t\t\t<\/div>\n\t\t<\/div>\n\t\t\t\t<div class=\"elementor-column elementor-col-50 elementor-inner-column elementor-element elementor-element-5b5568b3\" data-id=\"5b5568b3\" data-element_type=\"column\">\n\t\t\t<div class=\"elementor-column-wrap elementor-element-populated\">\n\t\t\t\t\t\t\t<div class=\"elementor-widget-wrap\">\n\t\t\t\t\t\t<div class=\"elementor-element elementor-element-6a9cfaec dce_masking-none elementor-widget elementor-widget-image\" data-id=\"6a9cfaec\" data-element_type=\"widget\" data-widget_type=\"image.default\">\n\t\t\t\t<div class=\"elementor-widget-container\">\n\t\t\t\t\t\t\t\t<div class=\"elementor-image\">\n\t\t\t\t\t\t\t\t\t\t\t\t<img decoding=\"async\" src=\"https:\/\/www.koenig-sylt.de\/immobilien\/wp-content\/uploads\/elementor\/thumbs\/Tammy2-scaled-raj88xy2lrprndrvxg5z36dj2b8i2i77gq23wyjjb0.jpg\" title=\"Tammy2\" alt=\"Gesichter von K\u00f6nig Immobilien: Tammy F\u00fcrsch auf Wanderweg durch die Sylter D\u00fcnen\" \/>\t\t\t\t\t\t\t\t\t\t\t\t\t\t<\/div>\n\t\t\t\t\t\t<\/div>\n\t\t\t\t<\/div>\n\t\t\t\t\t\t<\/div>\n\t\t\t\t\t<\/div>\n\t\t<\/div>\n\t\t\t\t\t\t\t\t<\/div>\n\t\t\t\t\t<\/div>\n\t\t<\/section>\n\t\t\t\t\t\t<\/div>\n\t\t\t\t\t<\/div>\n\t\t<\/div>\n\t\t\t\t\t\t\t\t<\/div>\n\t\t\t\t\t<\/div>\n\t\t<\/section>\n\t\t\t\t<section class=\"elementor-section elementor-top-section elementor-element elementor-element-27f7da4e elementor-section-boxed elementor-section-height-default elementor-section-height-default\" data-id=\"27f7da4e\" data-element_type=\"section\">\n\t\t\t\t\t\t<div class=\"elementor-container elementor-column-gap-default\">\n\t\t\t\t\t\t\t<div class=\"elementor-row\">\n\t\t\t\t\t<div class=\"elementor-column elementor-col-100 elementor-top-column elementor-element elementor-element-67be5ef2\" data-id=\"67be5ef2\" data-element_type=\"column\">\n\t\t\t<div class=\"elementor-column-wrap elementor-element-populated\">\n\t\t\t\t\t\t\t<div class=\"elementor-widget-wrap\">\n\t\t\t\t\t\t<section class=\"elementor-section elementor-inner-section elementor-element elementor-element-2709501e elementor-section-boxed elementor-section-height-default elementor-section-height-default\" data-id=\"2709501e\" data-element_type=\"section\">\n\t\t\t\t\t\t<div class=\"elementor-container elementor-column-gap-default\">\n\t\t\t\t\t\t\t<div class=\"elementor-row\">\n\t\t\t\t\t<div class=\"elementor-column elementor-col-50 elementor-inner-column elementor-element elementor-element-7d18dc05\" data-id=\"7d18dc05\" data-element_type=\"column\">\n\t\t\t<div class=\"elementor-column-wrap elementor-element-populated\">\n\t\t\t\t\t\t\t<div class=\"elementor-widget-wrap\">\n\t\t\t\t\t\t<div class=\"elementor-element elementor-element-e1e69a7 dce_masking-none elementor-widget elementor-widget-image\" data-id=\"e1e69a7\" data-element_type=\"widget\" data-widget_type=\"image.default\">\n\t\t\t\t<div class=\"elementor-widget-container\">\n\t\t\t\t\t\t\t\t<div class=\"elementor-image\">\n\t\t\t\t\t\t\t\t\t\t\t\t<img decoding=\"async\" src=\"https:\/\/www.koenig-sylt.de\/immobilien\/wp-content\/uploads\/elementor\/thumbs\/Tammy3-rb929nqm6eaj6z5z26850xnnwv1nyvbnmvuc3icmf0.jpg\" title=\"Tammy3\" alt=\"Gesichter von K\u00f6nig Immobilien: Tammy F\u00fcrsch im Strandkorb auf Sylt\" \/>\t\t\t\t\t\t\t\t\t\t\t\t\t\t<\/div>\n\t\t\t\t\t\t<\/div>\n\t\t\t\t<\/div>\n\t\t\t\t<div class=\"elementor-element elementor-element-52e7de9 elementor-widget elementor-widget-text-editor\" data-id=\"52e7de9\" data-element_type=\"widget\" data-widget_type=\"text-editor.default\">\n\t\t\t\t<div class=\"elementor-widget-container\">\n\t\t\t\t\t\t\t\t<div class=\"elementor-text-editor elementor-clearfix\">\n\t\t\t\t<p><span style=\"font-size: 10.5px; white-space: pre-wrap;\">Foto: \u00a9 K\u00f6nig Immobilien Sylt<\/span><\/p>\t\t\t\t\t<\/div>\n\t\t\t\t\t\t<\/div>\n\t\t\t\t<\/div>\n\t\t\t\t\t\t<\/div>\n\t\t\t\t\t<\/div>\n\t\t<\/div>\n\t\t\t\t<div class=\"elementor-column elementor-col-50 elementor-inner-column elementor-element elementor-element-4ec06e4a\" data-id=\"4ec06e4a\" data-element_type=\"column\">\n\t\t\t<div class=\"elementor-column-wrap elementor-element-populated\">\n\t\t\t\t\t\t\t<div class=\"elementor-widget-wrap\">\n\t\t\t\t\t\t<div class=\"elementor-element elementor-element-6595caed elementor-widget elementor-widget-heading\" data-id=\"6595caed\" data-element_type=\"widget\" data-widget_type=\"heading.default\">\n\t\t\t\t<div class=\"elementor-widget-container\">\n\t\t\t<h4 class=\"elementor-heading-title elementor-size-large\">Warum Sylt? Diese eine Liebe.<\/h4>\t\t<\/div>\n\t\t\t\t<\/div>\n\t\t\t\t<div class=\"elementor-element elementor-element-37c316e0 elementor-widget elementor-widget-text-editor\" data-id=\"37c316e0\" data-element_type=\"widget\" data-widget_type=\"text-editor.default\">\n\t\t\t\t<div class=\"elementor-widget-container\">\n\t\t\t\t\t\t\t\t<div class=\"elementor-text-editor elementor-clearfix\">\n\t\t\t\t<p>Die Liebe f\u00fchrte Tammy schlie\u00dflich in den hohen Norden. \u201eHier zu leben, ist nat\u00fcrlich etwas ganz anderes als die Insel nur f\u00fcr begrenzte Zeit als Touristin kennenzulernen. Man wird Teil einer Gemeinschaft, lernt die Insel in all ihren Facetten kennen \u2013 das ist ein echtes Geschenk.\u201c<\/p><p>Heute ist Tammy eine feste Gr\u00f6\u00dfe im Team von K\u00f6nig Immobilien. Besonders begeistert sie die Vielseitigkeit ihres Berufs: \u201eJeder Tag ist anders. Man darf Menschen in einem besonderen Moment ihres Lebens begleiten \u2013 das erf\u00fcllt mich.\u201c<\/p><p>\u00a0<\/p><p>Tammy begleitet ihre Kundinnen und Kunden durch den gesamten Kaufprozess. Ihr Anspruch:\u00a0Kompetenz, Klarheit und Empathie. \u201eF\u00fcr mich ist wichtig, dass meine Kunden sich gut aufgehoben f\u00fchlen. Ich nehme mir Zeit, h\u00f6re zu, kl\u00e4re auf \u2013 und freue mich jedes Mal, wenn ich am Ende in gl\u00fcckliche Gesichter blicke.\u201c<\/p>\t\t\t\t\t<\/div>\n\t\t\t\t\t\t<\/div>\n\t\t\t\t<\/div>\n\t\t\t\t<div class=\"elementor-element elementor-element-81c7aef elementor-widget elementor-widget-heading\" data-id=\"81c7aef\" data-element_type=\"widget\" data-widget_type=\"heading.default\">\n\t\t\t\t<div class=\"elementor-widget-container\">\n\t\t\t<h4 class=\"elementor-heading-title elementor-size-default\">Privat: Motorsport, Musik und Sylt genie\u00dfen<\/h4>\t\t<\/div>\n\t\t\t\t<\/div>\n\t\t\t\t<div class=\"elementor-element elementor-element-a0c693f elementor-widget elementor-widget-text-editor\" data-id=\"a0c693f\" data-element_type=\"widget\" data-widget_type=\"text-editor.default\">\n\t\t\t\t<div class=\"elementor-widget-container\">\n\t\t\t\t\t\t\t\t<div class=\"elementor-text-editor elementor-clearfix\">\n\t\t\t\t<p>Neben der Arbeit liebt Tammy die Vielfalt der Insel, Sport und Musik. Und wenn sie nicht gerade Immobilien pr\u00e4sentiert, ist sie beim Rennsport aktiv:<\/p><p>\u201eMein Vater ist Rennfahrer am N\u00fcrburgring und f\u00fchrt ein eigenes Rennteam. Ich unterst\u00fctze ihn bei sieben Rennen im Jahr. Das ist mein Ausgleich \u2013 laut, schnell, emotional und Familie pur.\u201c<\/p><p>Tammy sagt heute: \u201eIch bin angekommen \u2013 beruflich wie privat. Sylt ist genau der Ort, an dem ich sein m\u00f6chte.\u201c<\/p>\t\t\t\t\t<\/div>\n\t\t\t\t\t\t<\/div>\n\t\t\t\t<\/div>\n\t\t\t\t\t\t<\/div>\n\t\t\t\t\t<\/div>\n\t\t<\/div>\n\t\t\t\t\t\t\t\t<\/div>\n\t\t\t\t\t<\/div>\n\t\t<\/section>\n\t\t\t\t\t\t<\/div>\n\t\t\t\t\t<\/div>\n\t\t<\/div>\n\t\t\t\t\t\t\t\t<\/div>\n\t\t\t\t\t<\/div>\n\t\t<\/section>\n\t\t\t\t<section class=\"elementor-section elementor-top-section elementor-element elementor-element-40d4bd9 elementor-section-boxed elementor-section-height-default elementor-section-height-default\" data-id=\"40d4bd9\" data-element_type=\"section\">\n\t\t\t\t\t\t<div class=\"elementor-container elementor-column-gap-default\">\n\t\t\t\t\t\t\t<div class=\"elementor-row\">\n\t\t\t\t\t<div class=\"elementor-column elementor-col-100 elementor-top-column elementor-element elementor-element-c8cee93\" data-id=\"c8cee93\" data-element_type=\"column\">\n\t\t\t<div class=\"elementor-column-wrap\">\n\t\t\t\t\t\t\t<div class=\"elementor-widget-wrap\">\n\t\t\t\t\t\t\t\t<\/div>\n\t\t\t\t\t<\/div>\n\t\t<\/div>\n\t\t\t\t\t\t\t\t<\/div>\n\t\t\t\t\t<\/div>\n\t\t<\/section>\n\t\t\t\t\t\t\t\t\t<\/div>\n\t\t\t<\/div>\n\t\t\t\t\t<\/div>\n\t\t","protected":false},"excerpt":{"rendered":"Wer sind die Menschen hinter K\u00f6nig Immobilien? Was treibt sie an, und warum haben sie sich f\u00fcr die [&hellip;]","protected":false},"author":11,"featured_media":15603,"comment_status":"open","ping_status":"open","sticky":false,"template":"","format":"standard","meta":{"footnotes":""},"categories":[6,1],"tags":[187,188,49],"class_list":["post-15599","post","type-post","status-publish","format-standard","has-post-thumbnail","hentry","category-startseite","category-uncategorized","tag-koenig-immobilien","tag-mitarbeiter","tag-sylt"],"acf":[],"yoast_head":"<!-- This site is optimized with the Yoast SEO plugin v27.3 - https:\/\/yoast.com\/product\/yoast-seo-wordpress\/ -->\n<title>Tammy F\u00fcrsch: Weltreise, Neuanfang und Immobilien auf Sylt<\/title>\n<meta name=\"description\" content=\"Von der Medizin zur Immobilienwelt: Tammy F\u00fcrsch fand auf Sylt ihre berufliche Erf\u00fcllung und begleitet Kunden mit Herz und Kompetenz.\" \/>\n<meta name=\"robots\" content=\"index, follow, max-snippet:-1, max-image-preview:large, max-video-preview:-1\" \/>\n<link rel=\"canonical\" href=\"https:\/\/www.koenig-sylt.de\/immobilien\/gesichter-von-koenig-immobilien-tammy-fuersch\/\" \/>\n<meta property=\"og:locale\" content=\"de_DE\" \/>\n<meta property=\"og:type\" content=\"article\" \/>\n<meta property=\"og:title\" content=\"Tammy F\u00fcrsch: Weltreise, Neuanfang und Immobilien auf Sylt\" \/>\n<meta property=\"og:description\" content=\"Von der Medizin zur Immobilienwelt: Tammy F\u00fcrsch fand auf Sylt ihre berufliche Erf\u00fcllung und begleitet Kunden mit Herz und Kompetenz.\" \/>\n<meta property=\"og:url\" content=\"https:\/\/www.koenig-sylt.de\/immobilien\/gesichter-von-koenig-immobilien-tammy-fuersch\/\" \/>\n<meta property=\"og:site_name\" content=\"K\u00f6nig Immobilien\" \/>\n<meta property=\"article:published_time\" content=\"2025-09-09T08:00:00+00:00\" \/>\n<meta property=\"article:modified_time\" content=\"2026-01-15T07:39:45+00:00\" \/>\n<meta property=\"og:image\" content=\"https:\/\/www.koenig-sylt.de\/immobilien\/wp-content\/uploads\/2025\/08\/Tammy1-700x527.jpg\" \/>\n\t<meta property=\"og:image:width\" content=\"700\" \/>\n\t<meta property=\"og:image:height\" content=\"527\" \/>\n\t<meta property=\"og:image:type\" content=\"image\/jpeg\" \/>\n<meta name=\"author\" content=\"Heike Maselkowski\" \/>\n<meta name=\"twitter:card\" content=\"summary_large_image\" \/>\n<meta name=\"twitter:label1\" content=\"Geschrieben von\" \/>\n\t<meta name=\"twitter:data1\" content=\"Heike Maselkowski\" \/>\n\t<meta name=\"twitter:label2\" content=\"Gesch\u00e4tzte Lesezeit\" \/>\n\t<meta name=\"twitter:data2\" content=\"4\u00a0Minuten\" \/>\n<script type=\"application\/ld+json\" class=\"yoast-schema-graph\">{\"@context\":\"https:\\\/\\\/schema.org\",\"@graph\":[{\"@type\":\"Article\",\"@id\":\"https:\\\/\\\/www.koenig-sylt.de\\\/immobilien\\\/gesichter-von-koenig-immobilien-tammy-fuersch\\\/#article\",\"isPartOf\":{\"@id\":\"https:\\\/\\\/www.koenig-sylt.de\\\/immobilien\\\/gesichter-von-koenig-immobilien-tammy-fuersch\\\/\"},\"author\":{\"name\":\"Heike Maselkowski\",\"@id\":\"https:\\\/\\\/www.koenig-sylt.de\\\/immobilien\\\/#\\\/schema\\\/person\\\/478f0d02a921d14447e56d794f1e8430\"},\"headline\":\"Gesichter von K\u00f6nig Immobilien: Tammy F\u00fcrsch\",\"datePublished\":\"2025-09-09T08:00:00+00:00\",\"dateModified\":\"2026-01-15T07:39:45+00:00\",\"mainEntityOfPage\":{\"@id\":\"https:\\\/\\\/www.koenig-sylt.de\\\/immobilien\\\/gesichter-von-koenig-immobilien-tammy-fuersch\\\/\"},\"wordCount\":533,\"commentCount\":0,\"publisher\":{\"@id\":\"https:\\\/\\\/www.koenig-sylt.de\\\/immobilien\\\/#organization\"},\"image\":{\"@id\":\"https:\\\/\\\/www.koenig-sylt.de\\\/immobilien\\\/gesichter-von-koenig-immobilien-tammy-fuersch\\\/#primaryimage\"},\"thumbnailUrl\":\"https:\\\/\\\/www.koenig-sylt.de\\\/immobilien\\\/wp-content\\\/uploads\\\/2025\\\/08\\\/Tammy1.jpg\",\"keywords\":[\"K\u00f6nig Immobilien\",\"Mitarbeiter\",\"Sylt\"],\"articleSection\":[\"Startseite\",\"Uncategorized\"],\"inLanguage\":\"de\",\"potentialAction\":[{\"@type\":\"CommentAction\",\"name\":\"Comment\",\"target\":[\"https:\\\/\\\/www.koenig-sylt.de\\\/immobilien\\\/gesichter-von-koenig-immobilien-tammy-fuersch\\\/#respond\"]}]},{\"@type\":\"WebPage\",\"@id\":\"https:\\\/\\\/www.koenig-sylt.de\\\/immobilien\\\/gesichter-von-koenig-immobilien-tammy-fuersch\\\/\",\"url\":\"https:\\\/\\\/www.koenig-sylt.de\\\/immobilien\\\/gesichter-von-koenig-immobilien-tammy-fuersch\\\/\",\"name\":\"Tammy F\u00fcrsch: Weltreise, Neuanfang und Immobilien auf Sylt\",\"isPartOf\":{\"@id\":\"https:\\\/\\\/www.koenig-sylt.de\\\/immobilien\\\/#website\"},\"primaryImageOfPage\":{\"@id\":\"https:\\\/\\\/www.koenig-sylt.de\\\/immobilien\\\/gesichter-von-koenig-immobilien-tammy-fuersch\\\/#primaryimage\"},\"image\":{\"@id\":\"https:\\\/\\\/www.koenig-sylt.de\\\/immobilien\\\/gesichter-von-koenig-immobilien-tammy-fuersch\\\/#primaryimage\"},\"thumbnailUrl\":\"https:\\\/\\\/www.koenig-sylt.de\\\/immobilien\\\/wp-content\\\/uploads\\\/2025\\\/08\\\/Tammy1.jpg\",\"datePublished\":\"2025-09-09T08:00:00+00:00\",\"dateModified\":\"2026-01-15T07:39:45+00:00\",\"description\":\"Von der Medizin zur Immobilienwelt: Tammy F\u00fcrsch fand auf Sylt ihre berufliche Erf\u00fcllung und begleitet Kunden mit Herz und Kompetenz.\",\"breadcrumb\":{\"@id\":\"https:\\\/\\\/www.koenig-sylt.de\\\/immobilien\\\/gesichter-von-koenig-immobilien-tammy-fuersch\\\/#breadcrumb\"},\"inLanguage\":\"de\",\"potentialAction\":[{\"@type\":\"ReadAction\",\"target\":[\"https:\\\/\\\/www.koenig-sylt.de\\\/immobilien\\\/gesichter-von-koenig-immobilien-tammy-fuersch\\\/\"]}]},{\"@type\":\"ImageObject\",\"inLanguage\":\"de\",\"@id\":\"https:\\\/\\\/www.koenig-sylt.de\\\/immobilien\\\/gesichter-von-koenig-immobilien-tammy-fuersch\\\/#primaryimage\",\"url\":\"https:\\\/\\\/www.koenig-sylt.de\\\/immobilien\\\/wp-content\\\/uploads\\\/2025\\\/08\\\/Tammy1.jpg\",\"contentUrl\":\"https:\\\/\\\/www.koenig-sylt.de\\\/immobilien\\\/wp-content\\\/uploads\\\/2025\\\/08\\\/Tammy1.jpg\",\"width\":1920,\"height\":1445,\"caption\":\"Gesichter von K\u00f6nig Immobilien: Tammy F\u00fcrsch auf einer Bank vor D\u00fcnen und mit Blick auf das Meer\"},{\"@type\":\"BreadcrumbList\",\"@id\":\"https:\\\/\\\/www.koenig-sylt.de\\\/immobilien\\\/gesichter-von-koenig-immobilien-tammy-fuersch\\\/#breadcrumb\",\"itemListElement\":[{\"@type\":\"ListItem\",\"position\":1,\"name\":\"Startseite\",\"item\":\"https:\\\/\\\/www.koenig-sylt.de\\\/immobilien\\\/\"},{\"@type\":\"ListItem\",\"position\":2,\"name\":\"Gesichter von K\u00f6nig Immobilien: Tammy F\u00fcrsch\"}]},{\"@type\":\"WebSite\",\"@id\":\"https:\\\/\\\/www.koenig-sylt.de\\\/immobilien\\\/#website\",\"url\":\"https:\\\/\\\/www.koenig-sylt.de\\\/immobilien\\\/\",\"name\":\"K\u00f6nig Immobilien\",\"description\":\"Immobilienmakler Sylt\",\"publisher\":{\"@id\":\"https:\\\/\\\/www.koenig-sylt.de\\\/immobilien\\\/#organization\"},\"potentialAction\":[{\"@type\":\"SearchAction\",\"target\":{\"@type\":\"EntryPoint\",\"urlTemplate\":\"https:\\\/\\\/www.koenig-sylt.de\\\/immobilien\\\/?s={search_term_string}\"},\"query-input\":{\"@type\":\"PropertyValueSpecification\",\"valueRequired\":true,\"valueName\":\"search_term_string\"}}],\"inLanguage\":\"de\"},{\"@type\":\"Organization\",\"@id\":\"https:\\\/\\\/www.koenig-sylt.de\\\/immobilien\\\/#organization\",\"name\":\"K\u00f6nig Immobilien\",\"url\":\"https:\\\/\\\/www.koenig-sylt.de\\\/immobilien\\\/\",\"logo\":{\"@type\":\"ImageObject\",\"inLanguage\":\"de\",\"@id\":\"https:\\\/\\\/www.koenig-sylt.de\\\/immobilien\\\/#\\\/schema\\\/logo\\\/image\\\/\",\"url\":\"https:\\\/\\\/www.koenig-sylt.de\\\/immobilien\\\/wp-content\\\/uploads\\\/2025\\\/11\\\/KOE_Immobilien_Logo_quer_RGB.png\",\"contentUrl\":\"https:\\\/\\\/www.koenig-sylt.de\\\/immobilien\\\/wp-content\\\/uploads\\\/2025\\\/11\\\/KOE_Immobilien_Logo_quer_RGB.png\",\"width\":57,\"height\":57,\"caption\":\"K\u00f6nig Immobilien\"},\"image\":{\"@id\":\"https:\\\/\\\/www.koenig-sylt.de\\\/immobilien\\\/#\\\/schema\\\/logo\\\/image\\\/\"}},{\"@type\":\"Person\",\"@id\":\"https:\\\/\\\/www.koenig-sylt.de\\\/immobilien\\\/#\\\/schema\\\/person\\\/478f0d02a921d14447e56d794f1e8430\",\"name\":\"Heike Maselkowski\"}]}<\/script>\n<!-- \/ Yoast SEO plugin. -->","yoast_head_json":{"title":"Tammy F\u00fcrsch: Weltreise, Neuanfang und Immobilien auf Sylt","description":"Von der Medizin zur Immobilienwelt: Tammy F\u00fcrsch fand auf Sylt ihre berufliche Erf\u00fcllung und begleitet Kunden mit Herz und Kompetenz.","robots":{"index":"index","follow":"follow","max-snippet":"max-snippet:-1","max-image-preview":"max-image-preview:large","max-video-preview":"max-video-preview:-1"},"canonical":"https:\/\/www.koenig-sylt.de\/immobilien\/gesichter-von-koenig-immobilien-tammy-fuersch\/","og_locale":"de_DE","og_type":"article","og_title":"Tammy F\u00fcrsch: Weltreise, Neuanfang und Immobilien auf Sylt","og_description":"Von der Medizin zur Immobilienwelt: Tammy F\u00fcrsch fand auf Sylt ihre berufliche Erf\u00fcllung und begleitet Kunden mit Herz und Kompetenz.","og_url":"https:\/\/www.koenig-sylt.de\/immobilien\/gesichter-von-koenig-immobilien-tammy-fuersch\/","og_site_name":"K\u00f6nig Immobilien","article_published_time":"2025-09-09T08:00:00+00:00","article_modified_time":"2026-01-15T07:39:45+00:00","og_image":[{"width":700,"height":527,"url":"https:\/\/www.koenig-sylt.de\/immobilien\/wp-content\/uploads\/2025\/08\/Tammy1-700x527.jpg","type":"image\/jpeg"}],"author":"Heike Maselkowski","twitter_card":"summary_large_image","twitter_misc":{"Geschrieben von":"Heike Maselkowski","Gesch\u00e4tzte Lesezeit":"4\u00a0Minuten"},"schema":{"@context":"https:\/\/schema.org","@graph":[{"@type":"Article","@id":"https:\/\/www.koenig-sylt.de\/immobilien\/gesichter-von-koenig-immobilien-tammy-fuersch\/#article","isPartOf":{"@id":"https:\/\/www.koenig-sylt.de\/immobilien\/gesichter-von-koenig-immobilien-tammy-fuersch\/"},"author":{"name":"Heike Maselkowski","@id":"https:\/\/www.koenig-sylt.de\/immobilien\/#\/schema\/person\/478f0d02a921d14447e56d794f1e8430"},"headline":"Gesichter von K\u00f6nig Immobilien: Tammy F\u00fcrsch","datePublished":"2025-09-09T08:00:00+00:00","dateModified":"2026-01-15T07:39:45+00:00","mainEntityOfPage":{"@id":"https:\/\/www.koenig-sylt.de\/immobilien\/gesichter-von-koenig-immobilien-tammy-fuersch\/"},"wordCount":533,"commentCount":0,"publisher":{"@id":"https:\/\/www.koenig-sylt.de\/immobilien\/#organization"},"image":{"@id":"https:\/\/www.koenig-sylt.de\/immobilien\/gesichter-von-koenig-immobilien-tammy-fuersch\/#primaryimage"},"thumbnailUrl":"https:\/\/www.koenig-sylt.de\/immobilien\/wp-content\/uploads\/2025\/08\/Tammy1.jpg","keywords":["K\u00f6nig Immobilien","Mitarbeiter","Sylt"],"articleSection":["Startseite","Uncategorized"],"inLanguage":"de","potentialAction":[{"@type":"CommentAction","name":"Comment","target":["https:\/\/www.koenig-sylt.de\/immobilien\/gesichter-von-koenig-immobilien-tammy-fuersch\/#respond"]}]},{"@type":"WebPage","@id":"https:\/\/www.koenig-sylt.de\/immobilien\/gesichter-von-koenig-immobilien-tammy-fuersch\/","url":"https:\/\/www.koenig-sylt.de\/immobilien\/gesichter-von-koenig-immobilien-tammy-fuersch\/","name":"Tammy F\u00fcrsch: Weltreise, Neuanfang und Immobilien auf Sylt","isPartOf":{"@id":"https:\/\/www.koenig-sylt.de\/immobilien\/#website"},"primaryImageOfPage":{"@id":"https:\/\/www.koenig-sylt.de\/immobilien\/gesichter-von-koenig-immobilien-tammy-fuersch\/#primaryimage"},"image":{"@id":"https:\/\/www.koenig-sylt.de\/immobilien\/gesichter-von-koenig-immobilien-tammy-fuersch\/#primaryimage"},"thumbnailUrl":"https:\/\/www.koenig-sylt.de\/immobilien\/wp-content\/uploads\/2025\/08\/Tammy1.jpg","datePublished":"2025-09-09T08:00:00+00:00","dateModified":"2026-01-15T07:39:45+00:00","description":"Von der Medizin zur Immobilienwelt: Tammy F\u00fcrsch fand auf Sylt ihre berufliche Erf\u00fcllung und begleitet Kunden mit Herz und Kompetenz.","breadcrumb":{"@id":"https:\/\/www.koenig-sylt.de\/immobilien\/gesichter-von-koenig-immobilien-tammy-fuersch\/#breadcrumb"},"inLanguage":"de","potentialAction":[{"@type":"ReadAction","target":["https:\/\/www.koenig-sylt.de\/immobilien\/gesichter-von-koenig-immobilien-tammy-fuersch\/"]}]},{"@type":"ImageObject","inLanguage":"de","@id":"https:\/\/www.koenig-sylt.de\/immobilien\/gesichter-von-koenig-immobilien-tammy-fuersch\/#primaryimage","url":"https:\/\/www.koenig-sylt.de\/immobilien\/wp-content\/uploads\/2025\/08\/Tammy1.jpg","contentUrl":"https:\/\/www.koenig-sylt.de\/immobilien\/wp-content\/uploads\/2025\/08\/Tammy1.jpg","width":1920,"height":1445,"caption":"Gesichter von K\u00f6nig Immobilien: Tammy F\u00fcrsch auf einer Bank vor D\u00fcnen und mit Blick auf das Meer"},{"@type":"BreadcrumbList","@id":"https:\/\/www.koenig-sylt.de\/immobilien\/gesichter-von-koenig-immobilien-tammy-fuersch\/#breadcrumb","itemListElement":[{"@type":"ListItem","position":1,"name":"Startseite","item":"https:\/\/www.koenig-sylt.de\/immobilien\/"},{"@type":"ListItem","position":2,"name":"Gesichter von K\u00f6nig Immobilien: Tammy F\u00fcrsch"}]},{"@type":"WebSite","@id":"https:\/\/www.koenig-sylt.de\/immobilien\/#website","url":"https:\/\/www.koenig-sylt.de\/immobilien\/","name":"K\u00f6nig Immobilien","description":"Immobilienmakler Sylt","publisher":{"@id":"https:\/\/www.koenig-sylt.de\/immobilien\/#organization"},"potentialAction":[{"@type":"SearchAction","target":{"@type":"EntryPoint","urlTemplate":"https:\/\/www.koenig-sylt.de\/immobilien\/?s={search_term_string}"},"query-input":{"@type":"PropertyValueSpecification","valueRequired":true,"valueName":"search_term_string"}}],"inLanguage":"de"},{"@type":"Organization","@id":"https:\/\/www.koenig-sylt.de\/immobilien\/#organization","name":"K\u00f6nig Immobilien","url":"https:\/\/www.koenig-sylt.de\/immobilien\/","logo":{"@type":"ImageObject","inLanguage":"de","@id":"https:\/\/www.koenig-sylt.de\/immobilien\/#\/schema\/logo\/image\/","url":"https:\/\/www.koenig-sylt.de\/immobilien\/wp-content\/uploads\/2025\/11\/KOE_Immobilien_Logo_quer_RGB.png","contentUrl":"https:\/\/www.koenig-sylt.de\/immobilien\/wp-content\/uploads\/2025\/11\/KOE_Immobilien_Logo_quer_RGB.png","width":57,"height":57,"caption":"K\u00f6nig Immobilien"},"image":{"@id":"https:\/\/www.koenig-sylt.de\/immobilien\/#\/schema\/logo\/image\/"}},{"@type":"Person","@id":"https:\/\/www.koenig-sylt.de\/immobilien\/#\/schema\/person\/478f0d02a921d14447e56d794f1e8430","name":"Heike Maselkowski"}]}},"_links":{"self":[{"href":"https:\/\/www.koenig-sylt.de\/immobilien\/wp-json\/wp\/v2\/posts\/15599","targetHints":{"allow":["GET"]}}],"collection":[{"href":"https:\/\/www.koenig-sylt.de\/immobilien\/wp-json\/wp\/v2\/posts"}],"about":[{"href":"https:\/\/www.koenig-sylt.de\/immobilien\/wp-json\/wp\/v2\/types\/post"}],"author":[{"embeddable":true,"href":"https:\/\/www.koenig-sylt.de\/immobilien\/wp-json\/wp\/v2\/users\/11"}],"replies":[{"embeddable":true,"href":"https:\/\/www.koenig-sylt.de\/immobilien\/wp-json\/wp\/v2\/comments?post=15599"}],"version-history":[{"count":15,"href":"https:\/\/www.koenig-sylt.de\/immobilien\/wp-json\/wp\/v2\/posts\/15599\/revisions"}],"predecessor-version":[{"id":15655,"href":"https:\/\/www.koenig-sylt.de\/immobilien\/wp-json\/wp\/v2\/posts\/15599\/revisions\/15655"}],"wp:featuredmedia":[{"embeddable":true,"href":"https:\/\/www.koenig-sylt.de\/immobilien\/wp-json\/wp\/v2\/media\/15603"}],"wp:attachment":[{"href":"https:\/\/www.koenig-sylt.de\/immobilien\/wp-json\/wp\/v2\/media?parent=15599"}],"wp:term":[{"taxonomy":"category","embeddable":true,"href":"https:\/\/www.koenig-sylt.de\/immobilien\/wp-json\/wp\/v2\/categories?post=15599"},{"taxonomy":"post_tag","embeddable":true,"href":"https:\/\/www.koenig-sylt.de\/immobilien\/wp-json\/wp\/v2\/tags?post=15599"}],"curies":[{"name":"wp","href":"https:\/\/api.w.org\/{rel}","templated":true}]}}